{"id":94849,"date":"2025-01-23T10:32:20","date_gmt":"2025-01-23T10:32:20","guid":{"rendered":"https:\/\/tvbrazilusa.com\/2025\/01\/23\/sob-criticas-e-pressao-da-ala-bolsonarista-o-governo-lula-recua-e-descarta-alteracoes-na-data-de-validade-dos-alimentos\/"},"modified":"2025-01-23T10:32:22","modified_gmt":"2025-01-23T10:32:22","slug":"sob-criticas-e-pressao-da-ala-bolsonarista-o-governo-lula-recua-e-descarta-alteracoes-na-data-de-validade-dos-alimentos","status":"publish","type":"post","link":"https:\/\/tvbrazilusa.com\/pt\/2025\/01\/23\/sob-criticas-e-pressao-da-ala-bolsonarista-o-governo-lula-recua-e-descarta-alteracoes-na-data-de-validade-dos-alimentos\/","title":{"rendered":"Sob cr\u00edticas e press\u00e3o da ala bolsonarista, o governo Lula recua e descarta altera\u00e7\u00f5es na data de validade dos alimentos"},"content":{"rendered":"<p> <script async src=\"https:\/\/pagead2.googlesyndication.com\/pagead\/js\/adsbygoogle.js?client=ca-pub-8864793242727901\"\r\n     crossorigin=\"anonymous\"><\/script><br \/>\n<\/p>\n<div id=\"\">O governo Lula (PT) precisou reagir rapidamente nesta quarta-feira (22) para sustentar declara\u00e7\u00f5es que deflagraram mais uma s\u00e9rie de pol\u00eamicas sobre futuras a\u00e7\u00f5es para reduzir os pre\u00e7os dos alimentos. O ministro da Casa Civil, Rui Costa, buscou desfazer ru\u00eddos ap\u00f3s sugerir uma poss\u00edvel \u201cinterven\u00e7\u00e3o\u201d nos pre\u00e7os e a an\u00e1lise de propostas envolvendo o prazo de validade dos produtos.<\/p>\n<p>Em entrevista ao programa Bom Dia Ministro, Rui Costa mencionou interven\u00e7\u00f5es para baratear alimentos, mas recuou ao afirmar, posteriormente, que o governo n\u00e3o planeja qualquer controle direto de pre\u00e7os. Al\u00e9m disso, descartou a proposta da Associa\u00e7\u00e3o Brasileira de Supermercados (Abras) de revisar as regras de validade dos alimentos, medida que causou forte rea\u00e7\u00e3o nas redes sociais e foi explorada pela oposi\u00e7\u00e3o.<\/p>\n<p>O deputado Nikolas Ferreira (PL-MG) ironizou a gest\u00e3o: \u201cA picanha n\u00e3o veio e, se vier, ser\u00e1 podre.\u201d A fala ganhou visibilidade, lembrando o epis\u00f3dio recente em que a press\u00e3o popular fez o governo recuar sobre o monitoramento do Pix.<\/p>\n<p>Rui Costa, em entrevista \u00e0 CNN Brasil, afirmou que o governo considera v\u00e1rias sugest\u00f5es do setor varejista, mas rejeitou a ideia de permitir a venda de alimentos fora da validade. \u201cEssa n\u00e3o \u00e9 a cultura do Brasil, n\u00e3o vejo possibilidade dessa sugest\u00e3o ser adotada\u201d, declarou.<\/p>\n<p>Nas redes sociais, o ministro emendou: \u201cReafirmo: n\u00e3o haver\u00e1 interven\u00e7\u00f5es do governo, mas a ado\u00e7\u00e3o de MEDIDAS para baratear os alimentos que est\u00e3o na mesa do povo brasileiro.\u201d.<\/p>\n<p>A press\u00e3o sobre o governo para apresentar solu\u00e7\u00f5es concretas cresceu ap\u00f3s a reuni\u00e3o ministerial de segunda-feira (20), quando Lula interrompeu a apresenta\u00e7\u00e3o do ministro Paulo Teixeira (Desenvolvimento Agr\u00e1rio) cobrando a\u00e7\u00f5es efetivas para baixar os pre\u00e7os dos alimentos.<\/p>\n<\/div>\n<p><br \/>\n<br \/><a href=\"https:\/\/diariodobrasilnoticias.com.br\/noticia\/sob-criticas-e-pressao-da-ala-bolsonarista-o-governo-lula-recua-e-descarta-alteracoes-na-data-de-validade-dos-alimentos-67921a0688a12\">Source link <\/a><\/p>","protected":false},"excerpt":{"rendered":"<p>O governo Lula (PT) precisou reagir rapidamente nesta quarta-feira (22) para sustentar declara\u00e7\u00f5es que deflagraram mais uma s\u00e9rie de pol\u00eamicas sobre futuras a\u00e7\u00f5es para reduzir os pre\u00e7os dos alimentos. O&hellip;<\/p>","protected":false},"author":1,"featured_media":94850,"comment_status":"closed","ping_status":"open","sticky":false,"template":"","format":"standard","meta":{"content-type":"","footnotes":""},"categories":[16],"tags":[123,2448,5313,1267],"class_list":["post-94849","post","type-post","status-publish","format-standard","has-post-thumbnail","hentry","category-noticias","tag-brasil","tag-diario","tag-noticia","tag-noticias"],"_links":{"self":[{"href":"https:\/\/tvbrazilusa.com\/pt\/wp-json\/wp\/v2\/posts\/94849","targetHints":{"allow":["GET"]}}],"collection":[{"href":"https:\/\/tvbrazilusa.com\/pt\/wp-json\/wp\/v2\/posts"}],"about":[{"href":"https:\/\/tvbrazilusa.com\/pt\/wp-json\/wp\/v2\/types\/post"}],"author":[{"embeddable":true,"href":"https:\/\/tvbrazilusa.com\/pt\/wp-json\/wp\/v2\/users\/1"}],"replies":[{"embeddable":true,"href":"https:\/\/tvbrazilusa.com\/pt\/wp-json\/wp\/v2\/comments?post=94849"}],"version-history":[{"count":1,"href":"https:\/\/tvbrazilusa.com\/pt\/wp-json\/wp\/v2\/posts\/94849\/revisions"}],"predecessor-version":[{"id":94851,"href":"https:\/\/tvbrazilusa.com\/pt\/wp-json\/wp\/v2\/posts\/94849\/revisions\/94851"}],"wp:featuredmedia":[{"embeddable":true,"href":"https:\/\/tvbrazilusa.com\/pt\/wp-json\/wp\/v2\/media\/94850"}],"wp:attachment":[{"href":"https:\/\/tvbrazilusa.com\/pt\/wp-json\/wp\/v2\/media?parent=94849"}],"wp:term":[{"taxonomy":"category","embeddable":true,"href":"https:\/\/tvbrazilusa.com\/pt\/wp-json\/wp\/v2\/categories?post=94849"},{"taxonomy":"post_tag","embeddable":true,"href":"https:\/\/tvbrazilusa.com\/pt\/wp-json\/wp\/v2\/tags?post=94849"}],"curies":[{"name":"wp","href":"https:\/\/api.w.org\/{rel}","templated":true}]}}