{"id":94905,"date":"2025-01-23T13:37:03","date_gmt":"2025-01-23T13:37:03","guid":{"rendered":"https:\/\/tvbrazilusa.com\/2025\/01\/23\/era-mentira-policia-descarta-nova-ameaca-de-morte-com-granada-contra-lula-e-moraes\/"},"modified":"2025-01-23T13:37:07","modified_gmt":"2025-01-23T13:37:07","slug":"era-mentira-policia-descarta-nova-ameaca-de-morte-com-granada-contra-lula-e-moraes","status":"publish","type":"post","link":"https:\/\/tvbrazilusa.com\/pt\/2025\/01\/23\/era-mentira-policia-descarta-nova-ameaca-de-morte-com-granada-contra-lula-e-moraes\/","title":{"rendered":"Era mentira: Pol\u00edcia descarta nova amea\u00e7a de morte com granada contra Lula e Moraes"},"content":{"rendered":"<p> <script async src=\"https:\/\/pagead2.googlesyndication.com\/pagead\/js\/adsbygoogle.js?client=ca-pub-8864793242727901\"\r\n     crossorigin=\"anonymous\"><\/script><br \/>\n<\/p>\n<div id=\"taboola-read-more\" style=\"display:block; width:100%\">\n<p>As novas amea\u00e7as de mortes contra o presidente Luiz In\u00e1cio Lula da Silva (PT) e o ministro Alexandre de Moraes, do Supremo Tribunal Federal (STF), foram descartadas pela Pol\u00edcia Civil do Distrito Federal nessa quarta-feira (22).<\/p>\n<p>As amea\u00e7as foram feitas em um f\u00f3rum de discuss\u00e3o na deepweb, uma esp\u00e9cie de \u201cinternet obscura\u201d.\n<\/p>\n<p>Em um grupo, o armamento foi detalhado: explosivos, granadas e um fuzil .50 Barrett, utilizado por atiradores de elite e com poder b\u00e9lico para derrubar helic\u00f3pteros. O ataque, segundo a amea\u00e7a, seria neste m\u00eas de janeiro.<\/p>\n<p>O caso chegou ao conhecimento da Pol\u00edcia Civil do Distrito Federal por meio de den\u00fancia. O inqu\u00e9rito foi aberto na Divis\u00e3o de Prote\u00e7\u00e3o e Combate ao Extremismo Violento (Dpcev) e compartilhado com a Pol\u00edcia Federal.\n<\/p>\n<p>De acordo com investigadores ouvidos pela CNN, todas as amea\u00e7as desse g\u00eanero s\u00e3o tratadas como verdadeiras.\n<\/p>\n<p>Com base na apura\u00e7\u00e3o e todos os esfor\u00e7os das equipes concentrados devido \u00e0 gravidade da den\u00fancia, os investigadores conseguiram elucidar o caso.\n<\/p>\n<p>E tratava-se do que chamam de \u201camea\u00e7a vazia\u201d. N\u00e3o havia, de fato, um plano ou armamento em posse de quem fez a publica\u00e7\u00e3o, segundo fontes.\n<\/p>\n<p>A investiga\u00e7\u00e3o conseguiu identificar uma pessoa respons\u00e1vel pelo post, que deve responder por amea\u00e7a.\n<\/p>\n<p>A deepweb \u00e9 uma parte da internet que n\u00e3o \u00e9 indexada pelos mecanismos de busca convencionais. Nela, est\u00e3o p\u00e1ginas com informa\u00e7\u00f5es confidenciais, como dados banc\u00e1rios, pessoais e registros m\u00e9dicos. Na pr\u00e1tica, \u00e9 uma \u201cinternet secreta\u201d ou \u201cinternet profunda\u201d. Ela pode ser usada para armazenar e acessar informa\u00e7\u00f5es de forma privada. No entanto, tamb\u00e9m pode ser usada para atividades il\u00edcitas, como a pr\u00e1tica de crimes virtuais.\n<\/p>\n<p>Esse novo inqu\u00e9rito para apurar amea\u00e7as contra Lula e Moraes veio dois meses ap\u00f3s o desdobramento da Opera\u00e7\u00e3o Contragolpe, que prendeu cinco pessoas que planejavam, segundo a PF, o assassinato do presidente, do ministro e do vice-presidente, Geraldo Alckmin. O objetivo do grupo era avan\u00e7ar com um golpe de Estado, para que o presidente eleito n\u00e3o assumisse o cargo.\n<\/p>\n<p>A apura\u00e7\u00e3o tamb\u00e9m veio ap\u00f3s a explos\u00e3o cometida por um homem-bomba em frente ao Supremo. Em novembro, Francisco Wanderley Luiz atentou contra a pr\u00f3pria vida em frente \u00e0 Corte, em Bras\u00edlia. Investigadores tamb\u00e9m identificaram, com base em testemunhos, que ele tinha um plano para matar Moraes.\n<\/p>\n<p>Na \u00faltima semana do ano passado, houve tamb\u00e9m outros casos de poss\u00edveis ataques. A Pol\u00edcia Civil do DF prendeu um homem, de 30 anos, suspeito de planejar ataques \u00e0 capital federal. O homem foi preso na Bahia ap\u00f3s o caminh\u00e3o em que estava de carona, rumo a Bras\u00edlia, ter sido interceptado por um helic\u00f3ptero da PCDF.\n<\/p>\n<p>A investiga\u00e7\u00e3o come\u00e7ou ap\u00f3s den\u00fancias an\u00f4nimas. A corpora\u00e7\u00e3o informou que o suspeito foi monitorado e teve a pris\u00e3o tempor\u00e1ria e \u201coutras medidas judiciais\u201d solicitadas.\n<\/p>\n<p>Um outro caso, na mesma semana, teve in\u00edcio quando um suspeito estacionou um carro no quartel do Comando-Geral da Pol\u00edcia Militar do DF, no Setor Policial de Bras\u00edlia, e afirmou estar com dispositivos que detonariam as sedes da Pol\u00edcia Militar e da Pol\u00edcia Federal.\n<\/p>\n<p>A Secretaria de Comunica\u00e7\u00e3o da Presid\u00eancia da Rep\u00fablica n\u00e3o se manifestou se refor\u00e7ou a seguran\u00e7a do presidente neste m\u00eas ap\u00f3s a ci\u00eancia dessa nova amea\u00e7a.<\/p>\n<p>Fonte: CNN Brasil              <\/p>\n<\/div>\n<p><br \/>\n<br \/><a href=\"https:\/\/diariodobrasilnoticias.com.br\/noticia\/era-mentira-policia-descarta-nova-ameaca-de-morte-com-granada-contra-lula-e-moraes-67923e87608b6\">Source link <\/a><\/p>","protected":false},"excerpt":{"rendered":"<p>As novas amea\u00e7as de mortes contra o presidente Luiz In\u00e1cio Lula da Silva (PT) e o ministro Alexandre de Moraes, do Supremo Tribunal Federal (STF), foram descartadas pela Pol\u00edcia Civil&hellip;<\/p>","protected":false},"author":1,"featured_media":94906,"comment_status":"closed","ping_status":"open","sticky":false,"template":"","format":"standard","meta":{"content-type":"","footnotes":""},"categories":[16],"tags":[123,2448,5313,1267],"class_list":["post-94905","post","type-post","status-publish","format-standard","has-post-thumbnail","hentry","category-noticias","tag-brasil","tag-diario","tag-noticia","tag-noticias"],"_links":{"self":[{"href":"https:\/\/tvbrazilusa.com\/pt\/wp-json\/wp\/v2\/posts\/94905","targetHints":{"allow":["GET"]}}],"collection":[{"href":"https:\/\/tvbrazilusa.com\/pt\/wp-json\/wp\/v2\/posts"}],"about":[{"href":"https:\/\/tvbrazilusa.com\/pt\/wp-json\/wp\/v2\/types\/post"}],"author":[{"embeddable":true,"href":"https:\/\/tvbrazilusa.com\/pt\/wp-json\/wp\/v2\/users\/1"}],"replies":[{"embeddable":true,"href":"https:\/\/tvbrazilusa.com\/pt\/wp-json\/wp\/v2\/comments?post=94905"}],"version-history":[{"count":1,"href":"https:\/\/tvbrazilusa.com\/pt\/wp-json\/wp\/v2\/posts\/94905\/revisions"}],"predecessor-version":[{"id":94907,"href":"https:\/\/tvbrazilusa.com\/pt\/wp-json\/wp\/v2\/posts\/94905\/revisions\/94907"}],"wp:featuredmedia":[{"embeddable":true,"href":"https:\/\/tvbrazilusa.com\/pt\/wp-json\/wp\/v2\/media\/94906"}],"wp:attachment":[{"href":"https:\/\/tvbrazilusa.com\/pt\/wp-json\/wp\/v2\/media?parent=94905"}],"wp:term":[{"taxonomy":"category","embeddable":true,"href":"https:\/\/tvbrazilusa.com\/pt\/wp-json\/wp\/v2\/categories?post=94905"},{"taxonomy":"post_tag","embeddable":true,"href":"https:\/\/tvbrazilusa.com\/pt\/wp-json\/wp\/v2\/tags?post=94905"}],"curies":[{"name":"wp","href":"https:\/\/api.w.org\/{rel}","templated":true}]}}