{"id":94911,"date":"2025-01-23T13:52:51","date_gmt":"2025-01-23T13:52:51","guid":{"rendered":"https:\/\/tvbrazilusa.com\/2025\/01\/23\/meta-x-e-tiktok-deixam-de-comparecer-a-audiencia-publica-do-governo\/"},"modified":"2025-01-23T13:52:53","modified_gmt":"2025-01-23T13:52:53","slug":"meta-x-e-tiktok-deixam-de-comparecer-a-audiencia-publica-do-governo","status":"publish","type":"post","link":"https:\/\/tvbrazilusa.com\/pt\/2025\/01\/23\/meta-x-e-tiktok-deixam-de-comparecer-a-audiencia-publica-do-governo\/","title":{"rendered":"Meta, X e TikTok deixam de comparecer \u00e0 audi\u00eancia p\u00fablica do governo"},"content":{"rendered":"<p> <script async src=\"https:\/\/pagead2.googlesyndication.com\/pagead\/js\/adsbygoogle.js?client=ca-pub-8864793242727901\"\r\n     crossorigin=\"anonymous\"><\/script><br \/>\n<\/p>\n<div id=\"taboola-read-more\" style=\"display:block; width:100%\">\n<p>As gigantes da tecnologia Meta, X (antigo Twitter) e TikTok optaram por n\u00e3o participar da audi\u00eancia p\u00fablica convocada pela Advocacia-Geral da Uni\u00e3o nesta quarta-feira, 22. O encontro tinha como objetivo discutir as mudan\u00e7as recentes nas pol\u00edticas de modera\u00e7\u00e3o de conte\u00fado das plataformas digitais no Brasil, incluindo altera\u00e7\u00f5es promovidas pela Meta que geraram preocupa\u00e7\u00e3o no governo.\n<\/p>\n<p>O advogado-geral da Uni\u00e3o, Jorge Messias, afirmou que a aus\u00eancia das empresas n\u00e3o inviabiliza o debate sobre o tema. \u201c\u00c9 uma op\u00e7\u00e3o que respeitamos, mas isso n\u00e3o interdita o di\u00e1logo, que segue sempre aberto\u201d, declarou. Ele destacou que o governo n\u00e3o faz pr\u00e9-julgamentos sobre nenhuma plataforma e reiterou o interesse em construir uma rela\u00e7\u00e3o de coopera\u00e7\u00e3o com as empresas de tecnologia.<\/p>\n<p>A audi\u00eancia foi realizada como parte de um esfor\u00e7o para compreender o impacto das novas pol\u00edticas de modera\u00e7\u00e3o, especialmente ap\u00f3s a Meta anunciar a substitui\u00e7\u00e3o do programa de checagem de fatos pelas chamadas \u201cNotas da Comunidade\u201d, uma funcionalidade semelhante \u00e0 do X.\n<\/p>\n<p>A mudan\u00e7a, segundo a empresa, ser\u00e1 inicialmente implementada apenas nos Estados Unidos, mas gerou questionamentos sobre seus poss\u00edveis reflexos no Brasil.\n<\/p>\n<p>Jorge Messias anunciou que as informa\u00e7\u00f5es levantadas durante a audi\u00eancia ser\u00e3o enviadas ao Supremo Tribunal Federal (STF) como subs\u00eddios para o julgamento em andamento sobre o Marco Civil da Internet.\n<\/p>\n<p>Desde novembro de 2024, a Corte avalia a constitucionalidade do artigo 19 da lei, que limita a responsabilidade das plataformas por conte\u00fados postados por usu\u00e1rios, exigindo ordem judicial para a remo\u00e7\u00e3o de publica\u00e7\u00f5es consideradas ilegais.\n<\/p>\n<p>Em nota, a AGU considerou que as mudan\u00e7as anunciadas pela Meta podem dificultar a prote\u00e7\u00e3o de direitos fundamentais e contrariam compromissos assumidos pela empresa durante discuss\u00f5es no STF.\n<\/p>\n<p>A Meta tamb\u00e9m anunciou que passar\u00e1 a exibir mais conte\u00fado pol\u00edtico nos feeds dos usu\u00e1rios e que a modera\u00e7\u00e3o de publica\u00e7\u00f5es ocorrer\u00e1 apenas quando indicado por usu\u00e1rios. Al\u00e9m disso, a nova pol\u00edtica promete priorizar a liberdade de express\u00e3o, reduzindo a interven\u00e7\u00e3o em conte\u00fados reportados.\n<\/p>\n<p>Fonte: O antagonista              <\/p>\n<\/div>\n<p><br \/>\n<br \/><a href=\"https:\/\/diariodobrasilnoticias.com.br\/noticia\/meta-x-e-tiktok-deixam-de-comparecer-a-audiencia-publica-do-govern-679229cc54e49\">Source link <\/a><\/p>","protected":false},"excerpt":{"rendered":"<p>As gigantes da tecnologia Meta, X (antigo Twitter) e TikTok optaram por n\u00e3o participar da audi\u00eancia p\u00fablica convocada pela Advocacia-Geral da Uni\u00e3o nesta quarta-feira, 22. O encontro tinha como objetivo&hellip;<\/p>","protected":false},"author":1,"featured_media":94912,"comment_status":"closed","ping_status":"open","sticky":false,"template":"","format":"standard","meta":{"content-type":"","footnotes":""},"categories":[16],"tags":[123,2448,5313,1267],"class_list":["post-94911","post","type-post","status-publish","format-standard","has-post-thumbnail","hentry","category-noticias","tag-brasil","tag-diario","tag-noticia","tag-noticias"],"_links":{"self":[{"href":"https:\/\/tvbrazilusa.com\/pt\/wp-json\/wp\/v2\/posts\/94911","targetHints":{"allow":["GET"]}}],"collection":[{"href":"https:\/\/tvbrazilusa.com\/pt\/wp-json\/wp\/v2\/posts"}],"about":[{"href":"https:\/\/tvbrazilusa.com\/pt\/wp-json\/wp\/v2\/types\/post"}],"author":[{"embeddable":true,"href":"https:\/\/tvbrazilusa.com\/pt\/wp-json\/wp\/v2\/users\/1"}],"replies":[{"embeddable":true,"href":"https:\/\/tvbrazilusa.com\/pt\/wp-json\/wp\/v2\/comments?post=94911"}],"version-history":[{"count":1,"href":"https:\/\/tvbrazilusa.com\/pt\/wp-json\/wp\/v2\/posts\/94911\/revisions"}],"predecessor-version":[{"id":94913,"href":"https:\/\/tvbrazilusa.com\/pt\/wp-json\/wp\/v2\/posts\/94911\/revisions\/94913"}],"wp:featuredmedia":[{"embeddable":true,"href":"https:\/\/tvbrazilusa.com\/pt\/wp-json\/wp\/v2\/media\/94912"}],"wp:attachment":[{"href":"https:\/\/tvbrazilusa.com\/pt\/wp-json\/wp\/v2\/media?parent=94911"}],"wp:term":[{"taxonomy":"category","embeddable":true,"href":"https:\/\/tvbrazilusa.com\/pt\/wp-json\/wp\/v2\/categories?post=94911"},{"taxonomy":"post_tag","embeddable":true,"href":"https:\/\/tvbrazilusa.com\/pt\/wp-json\/wp\/v2\/tags?post=94911"}],"curies":[{"name":"wp","href":"https:\/\/api.w.org\/{rel}","templated":true}]}}