{"id":94914,"date":"2025-01-23T14:05:20","date_gmt":"2025-01-23T14:05:20","guid":{"rendered":"https:\/\/tvbrazilusa.com\/2025\/01\/23\/zema-rebate-fala-de-lula-sobre-jesus-jamais-cobraria-juros-abusivos\/"},"modified":"2025-01-23T14:05:22","modified_gmt":"2025-01-23T14:05:22","slug":"zema-rebate-fala-de-lula-sobre-jesus-jamais-cobraria-juros-abusivos","status":"publish","type":"post","link":"https:\/\/tvbrazilusa.com\/pt\/2025\/01\/23\/zema-rebate-fala-de-lula-sobre-jesus-jamais-cobraria-juros-abusivos\/","title":{"rendered":"Zema rebate fala de Lula sobre Jesus: &#8216;Jamais cobraria juros abusivos&#8217;"},"content":{"rendered":"<p> <script async src=\"https:\/\/pagead2.googlesyndication.com\/pagead\/js\/adsbygoogle.js?client=ca-pub-8864793242727901\"\r\n     crossorigin=\"anonymous\"><\/script><br \/>\n<\/p>\n<div id=\"taboola-read-more\" style=\"display:block; width:100%\">\n<p>O governador de Minas Gerais, Romeu Zema (Novo), rebateu nesta quinta-feira (23) uma fala do presidente Luiz In\u00e1cio Lula da Silva (PT) sobre a renegocia\u00e7\u00e3o das d\u00edvidas do estado com a Uni\u00e3o.\n<\/p>\n<p>Em evento de assinatura do contrato de concess\u00e3o da BR-381\/MG, na quarta-feira (22), Lula declarou que deveria receber um pr\u00eamio de Zema como forma de agradecimento pela san\u00e7\u00e3o da lei sobre a repactua\u00e7\u00e3o de d\u00edvidas dos estados com a Uni\u00e3o.<\/p>\n<p>No decorrer da cerim\u00f4nia, Lula afirmou: \u201cO que n\u00f3s fizemos para os estados que n\u00e3o pagavam d\u00edvidas talvez s\u00f3 Jesus Cristo fizesse se ele concorresse \u00e0 Presid\u00eancia da Rep\u00fablica deste pa\u00eds.\u201d\n<\/p>\n<p>Zema ent\u00e3o foi \u00e0s redes sociais rebater a declara\u00e7\u00e3o do presidente.\n<\/p>\n<p>\u201cPresidente Lula, Jesus Cristo perdoaria todas as d\u00edvidas e jamais cobraria juros abusivos de quem ajuda a construir o Brasil. Vamos honrar todas nossas obriga\u00e7\u00f5es, mas esperamos que os deputados derrubem os vetos ao PROPAG para trazer justi\u00e7a e previsibilidade ao Estado\u201d, escreveu Zema.\n<\/p>\n<div style=\"display: flex; flex-direction: row; justify-content: center; width: 100%;\">\n<blockquote class=\"twitter-tweet\">\n<p dir=\"ltr\" lang=\"pt\">Presidente <a href=\"https:\/\/twitter.com\/LulaOficial?ref_src=twsrc%5Etfw\">@LulaOficial<\/a>, Jesus Cristo perdoaria todas as d\u00edvidas e jamais cobraria juros abusivos de quem ajuda a construir o Brasil. Vamos honrar todas nossas obriga\u00e7\u00f5es, mas esperamos que os Deputados derrubem os vetos ao PROPAG para trazer justi\u00e7a e previsibilidade ao Estado. <a href=\"https:\/\/t.co\/BedcShfF90\">pic.twitter.com\/BedcShfF90<\/a><br \/>\n\u2014 Romeu Zema (@RomeuZema) <a href=\"https:\/\/twitter.com\/RomeuZema\/status\/1882376947927552407?ref_src=twsrc%5Etfw\">January 23, 2025<\/a><\/p>\n<\/blockquote>\n<\/div>\n<p>Propag \u00e9 a sigla para o Programa de Pleno Pagamento de D\u00edvidas dos Estados (Propag) para a renegocia\u00e7\u00e3o dos mais de\u00a0R$ 760 bilh\u00f5es\u00a0em d\u00edvidas das unidades federativas com a Uni\u00e3o.\n<\/p>\n<p>A medida foi sancionada na \u00faltima semana, com 13 vetos de Lula.\n<\/p>\n<p>Cerca de\u00a0<strong>90%<\/strong>\u00a0dos R$ 760 bilh\u00f5es corresponde a d\u00edvidas de quatro estados:\u00a0Goi\u00e1s, Minas Gerais, Rio de Janeiro e Rio Grande do Sul.\n<\/p>\n<p>O projeto estabelece o pagamento da d\u00edvida em at\u00e9 30 anos, corrigido pelo \u00cdndice de Pre\u00e7os ao Consumidor Amplo (IPCA) \u2014 atualmente em 4,5% ao ano \u2014 mais uma taxa que varia entre 2% e 4%, a depender do acerto feito na hora do contrato. Hoje, os juros s\u00e3o de 4% mais o IPCA ou a Selic (atualmente em 12,25% ao ano).\n<\/p>\n<p><strong>CNN<\/strong>              <\/p>\n<\/div>\n<p><script async src=\"\/\/platform.twitter.com\/widgets.js\" charset=\"utf-8\"><\/script><br \/>\n<br \/><br \/>\n<br \/><a href=\"https:\/\/diariodobrasilnoticias.com.br\/noticia\/zema-rebate-fala-de-lula-sobre-jesus-jamais-cobraria-juros-abusivos-67922f72ea299\">Source link <\/a><\/p>","protected":false},"excerpt":{"rendered":"<p>O governador de Minas Gerais, Romeu Zema (Novo), rebateu nesta quinta-feira (23) uma fala do presidente Luiz In\u00e1cio Lula da Silva (PT) sobre a renegocia\u00e7\u00e3o das d\u00edvidas do estado com&hellip;<\/p>","protected":false},"author":1,"featured_media":94915,"comment_status":"closed","ping_status":"open","sticky":false,"template":"","format":"standard","meta":{"content-type":"","footnotes":""},"categories":[16],"tags":[123,2448,5313,1267],"class_list":["post-94914","post","type-post","status-publish","format-standard","has-post-thumbnail","hentry","category-noticias","tag-brasil","tag-diario","tag-noticia","tag-noticias"],"_links":{"self":[{"href":"https:\/\/tvbrazilusa.com\/pt\/wp-json\/wp\/v2\/posts\/94914","targetHints":{"allow":["GET"]}}],"collection":[{"href":"https:\/\/tvbrazilusa.com\/pt\/wp-json\/wp\/v2\/posts"}],"about":[{"href":"https:\/\/tvbrazilusa.com\/pt\/wp-json\/wp\/v2\/types\/post"}],"author":[{"embeddable":true,"href":"https:\/\/tvbrazilusa.com\/pt\/wp-json\/wp\/v2\/users\/1"}],"replies":[{"embeddable":true,"href":"https:\/\/tvbrazilusa.com\/pt\/wp-json\/wp\/v2\/comments?post=94914"}],"version-history":[{"count":1,"href":"https:\/\/tvbrazilusa.com\/pt\/wp-json\/wp\/v2\/posts\/94914\/revisions"}],"predecessor-version":[{"id":94916,"href":"https:\/\/tvbrazilusa.com\/pt\/wp-json\/wp\/v2\/posts\/94914\/revisions\/94916"}],"wp:featuredmedia":[{"embeddable":true,"href":"https:\/\/tvbrazilusa.com\/pt\/wp-json\/wp\/v2\/media\/94915"}],"wp:attachment":[{"href":"https:\/\/tvbrazilusa.com\/pt\/wp-json\/wp\/v2\/media?parent=94914"}],"wp:term":[{"taxonomy":"category","embeddable":true,"href":"https:\/\/tvbrazilusa.com\/pt\/wp-json\/wp\/v2\/categories?post=94914"},{"taxonomy":"post_tag","embeddable":true,"href":"https:\/\/tvbrazilusa.com\/pt\/wp-json\/wp\/v2\/tags?post=94914"}],"curies":[{"name":"wp","href":"https:\/\/api.w.org\/{rel}","templated":true}]}}