{"id":94917,"date":"2025-01-23T14:16:49","date_gmt":"2025-01-23T14:16:49","guid":{"rendered":"https:\/\/tvbrazilusa.com\/2025\/01\/23\/economia-indica-desaceleracao-e-mercado-ve-risco-de-recessao-tecnica\/"},"modified":"2025-01-23T14:16:51","modified_gmt":"2025-01-23T14:16:51","slug":"economia-indica-desaceleracao-e-mercado-ve-risco-de-recessao-tecnica","status":"publish","type":"post","link":"https:\/\/tvbrazilusa.com\/pt\/2025\/01\/23\/economia-indica-desaceleracao-e-mercado-ve-risco-de-recessao-tecnica\/","title":{"rendered":"Economia indica desacelera\u00e7\u00e3o e mercado v\u00ea risco de recess\u00e3o t\u00e9cnica"},"content":{"rendered":"<p> <script async src=\"https:\/\/pagead2.googlesyndication.com\/pagead\/js\/adsbygoogle.js?client=ca-pub-8864793242727901\"\r\n     crossorigin=\"anonymous\"><\/script><br \/>\n<\/p>\n<div id=\"taboola-read-more\" style=\"display:block; width:100%\">\n<p>A s\u00e9rie de indicadores fracos da economia divulgados recentemente, alguns abaixo das expectativas, revela sinais de desacelera\u00e7\u00e3o na atividade econ\u00f4mica, apontando para uma poss\u00edvel inflex\u00e3o no ciclo de surpresas no crescimento do Brasil. A reportagem \u00e9 do jornal O Estado de S. Paulo.\n<\/p>\n<p>Embora a perspectiva de uma recess\u00e3o t\u00e9cnica \u2014 dois trimestres consecutivos de contra\u00e7\u00e3o do Produto Interno Bruto (PIB) \u2014 ainda n\u00e3o seja consenso, ela j\u00e1 aparece como cen\u00e1rio mais prov\u00e1vel para economistas de pelo menos seis institui\u00e7\u00f5es: Bradesco, Ativa Investimentos, Monte Bravo, Nova Futura, Tend\u00eancias e BV.<\/p>\n<p>Dados divulgados pelo Instituto Brasileiro de Geografia e Estat\u00edstica (IBGE) desde o final do ano passado mostram que, em novembro, as vendas no varejo e o volume de servi\u00e7os ca\u00edram al\u00e9m do esperado.\n<\/p>\n<p>Al\u00e9m disso, o Brasil gerou menos empregos formais em novembro do que o previsto: foram registrados 106,6 mil novos postos com carteira assinada, o menor saldo para o m\u00eas na s\u00e9rie hist\u00f3rica iniciada em 2020, diante de uma expectativa mediana de 125 mil vagas. Na ind\u00fastria, a produ\u00e7\u00e3o apresentou retra\u00e7\u00e3o acumulada de 0,8% nas duas \u00faltimas medi\u00e7\u00f5es do IBGE, referentes a outubro e novembro.\n<\/p>\n<p>Esses dados refor\u00e7aram a avalia\u00e7\u00e3o de analistas de que o crescimento acima do potencial da economia brasileira pode ter chegado ao limite.\n<\/p>\n<p>A previs\u00e3o \u00e9 de desacelera\u00e7\u00e3o gradual, que provavelmente ser\u00e1 notada no resultado do PIB do \u00faltimo trimestre de 2024, mas temporariamente mascarada pela safra recorde de gr\u00e3os, especialmente soja, no primeiro trimestre deste ano.\n<\/p>\n<p>Depois do fim do impulso proporcionado pela produ\u00e7\u00e3o agr\u00edcola, especialistas preveem que a economia ficar\u00e1 mais vulner\u00e1vel aos efeitos de juros elevados e \u00e0 aus\u00eancia de est\u00edmulos fiscais que impulsionaram o crescimento nos \u00faltimos dois anos. Nesse contexto, o risco de uma recess\u00e3o t\u00e9cnica em algum momento de 2025 j\u00e1 aparece no radar do mercado.\n<\/p>\n<p>O economista da consultoria Tend\u00eancias Thiago Xavier afirma ao Estad\u00e3o que, com o arrefecimento do impacto positivo da agricultura, as condi\u00e7\u00f5es financeiras mais restritivas, decorrentes da pol\u00edtica monet\u00e1ria apertada, passar\u00e3o a pesar mais, juntamente com a redu\u00e7\u00e3o dos est\u00edmulos fiscais devido \u00e0 conten\u00e7\u00e3o de gastos prevista pelo arcabou\u00e7o fiscal.\n<\/p>\n<p>No cen\u00e1rio da Tend\u00eancias, o PIB deve recuar 0,6% no terceiro trimestre e 0,2% no quarto trimestre.\n<\/p>\n<p><strong>BV tamb\u00e9m projeta recess\u00e3o t\u00e9cnica da economia<\/strong><br \/>O BV tamb\u00e9m projeta uma recess\u00e3o t\u00e9cnica na segunda metade do ano, com uma queda de 0,5% no PIB do terceiro trimestre, seguida por um recuo de 1% nos \u00faltimos tr\u00eas meses. J\u00e1 o Bradesco, em sua atualiza\u00e7\u00e3o mais recente, prev\u00ea duas retra\u00e7\u00f5es trimestrais consecutivas de 0,3% no segundo semestre de 2025.\n<\/p>\n<p>Luciano Costa, economista-chefe da corretora Monte Bravo, acredita que o PIB deve come\u00e7ar a cair mais cedo, j\u00e1 no segundo trimestre, com um recuo de 0,5%. Ele projeta uma nova queda de 0,5% no terceiro trimestre.\n<\/p>\n<p>\u201cEssa queda da atividade \u00e9 a transmiss\u00e3o da pol\u00edtica monet\u00e1ria [contracionista] para, principalmente, os setores mais ligados ao cr\u00e9dito\u201d, comenta Costa em entrevista ao Estad\u00e3o. \u201cEsse peda\u00e7o do PIB vai sofrer ao longo do ano.\u201d<\/p>\n<p>Fonte: Revista Oeste              <\/p>\n<\/div>\n<p><br \/>\n<br \/><a href=\"https:\/\/diariodobrasilnoticias.com.br\/noticia\/economia-indica-desaceleracao-e-mercado-ve-risco-de-recessao-tecnica-67922eb75eae5\">Source link <\/a><\/p>","protected":false},"excerpt":{"rendered":"<p>A s\u00e9rie de indicadores fracos da economia divulgados recentemente, alguns abaixo das expectativas, revela sinais de desacelera\u00e7\u00e3o na atividade econ\u00f4mica, apontando para uma poss\u00edvel inflex\u00e3o no ciclo de surpresas no&hellip;<\/p>","protected":false},"author":1,"featured_media":94918,"comment_status":"closed","ping_status":"open","sticky":false,"template":"","format":"standard","meta":{"content-type":"","footnotes":""},"categories":[16],"tags":[123,2448,5313,1267],"class_list":["post-94917","post","type-post","status-publish","format-standard","has-post-thumbnail","hentry","category-noticias","tag-brasil","tag-diario","tag-noticia","tag-noticias"],"_links":{"self":[{"href":"https:\/\/tvbrazilusa.com\/pt\/wp-json\/wp\/v2\/posts\/94917","targetHints":{"allow":["GET"]}}],"collection":[{"href":"https:\/\/tvbrazilusa.com\/pt\/wp-json\/wp\/v2\/posts"}],"about":[{"href":"https:\/\/tvbrazilusa.com\/pt\/wp-json\/wp\/v2\/types\/post"}],"author":[{"embeddable":true,"href":"https:\/\/tvbrazilusa.com\/pt\/wp-json\/wp\/v2\/users\/1"}],"replies":[{"embeddable":true,"href":"https:\/\/tvbrazilusa.com\/pt\/wp-json\/wp\/v2\/comments?post=94917"}],"version-history":[{"count":1,"href":"https:\/\/tvbrazilusa.com\/pt\/wp-json\/wp\/v2\/posts\/94917\/revisions"}],"predecessor-version":[{"id":94919,"href":"https:\/\/tvbrazilusa.com\/pt\/wp-json\/wp\/v2\/posts\/94917\/revisions\/94919"}],"wp:featuredmedia":[{"embeddable":true,"href":"https:\/\/tvbrazilusa.com\/pt\/wp-json\/wp\/v2\/media\/94918"}],"wp:attachment":[{"href":"https:\/\/tvbrazilusa.com\/pt\/wp-json\/wp\/v2\/media?parent=94917"}],"wp:term":[{"taxonomy":"category","embeddable":true,"href":"https:\/\/tvbrazilusa.com\/pt\/wp-json\/wp\/v2\/categories?post=94917"},{"taxonomy":"post_tag","embeddable":true,"href":"https:\/\/tvbrazilusa.com\/pt\/wp-json\/wp\/v2\/tags?post=94917"}],"curies":[{"name":"wp","href":"https:\/\/api.w.org\/{rel}","templated":true}]}}