{"id":94920,"date":"2025-01-23T14:28:31","date_gmt":"2025-01-23T14:28:31","guid":{"rendered":"https:\/\/tvbrazilusa.com\/2025\/01\/23\/imagens-fortes-menino-morre-comido-por-bacteria-e-prontuario-aponta-ansiedade-da-mae\/"},"modified":"2025-01-23T14:28:33","modified_gmt":"2025-01-23T14:28:33","slug":"imagens-fortes-menino-morre-comido-por-bacteria-e-prontuario-aponta-ansiedade-da-mae","status":"publish","type":"post","link":"https:\/\/tvbrazilusa.com\/pt\/2025\/01\/23\/imagens-fortes-menino-morre-comido-por-bacteria-e-prontuario-aponta-ansiedade-da-mae\/","title":{"rendered":"IMAGENS FORTES: Menino morre &#8216;comido&#8217; por bact\u00e9ria e prontu\u00e1rio aponta ansiedade da m\u00e3e"},"content":{"rendered":"<p> <script async src=\"https:\/\/pagead2.googlesyndication.com\/pagead\/js\/adsbygoogle.js?client=ca-pub-8864793242727901\"\r\n     crossorigin=\"anonymous\"><\/script><br \/>\n<\/p>\n<div id=\"taboola-read-more\" style=\"display:block; width:100%\">\n<p>O prontu\u00e1rio no Hospital Bras\u00edlia do menino de 13 anos que morreu com o corpo todo necrosado em raz\u00e3o de infec\u00e7\u00e3o bacteriana relatou, em ao menos duas ocasi\u00f5es diferentes, que a m\u00e3e dele estava \u201cansiosa\u201d.\n<\/p>\n<p>Miguel Fernandes Brand\u00e3o foi internado na unidade do Lago Sul com sintomas gripais, em outubro de 2024, teve diagn\u00f3stico inicial de \u201cquadro viral\u201d e morreu 26 dias depois, com graves feridas no corpo em decorr\u00eancia da infec\u00e7\u00e3o pela bact\u00e9ria Streptococcus Pyogenes.<\/p>\n<p>Em 14 de outubro de 2024, Miguel chegou ao Hospital Bras\u00edlia com febre, dificuldade para respirar, irrita\u00e7\u00e3o na pele, dor no corpo e moleza. O menino acabou indo para casa ap\u00f3s resultado negativo no exame de Influenza, mas retornou \u00e0 unidade no dia seguinte porque os sintomas persistiram, com epis\u00f3dios de v\u00f4mito.\n<\/p>\n<p>Ap\u00f3s o diagn\u00f3stico de infec\u00e7\u00e3o viral, na madrugada de 16 de outubro, a equipe m\u00e9dica informou que o paciente havia acabado de ser internado, mas foi avaliado novamente devido \u00e0 \u201cansiedade materna\u201d. Na ocasi\u00e3o, a m\u00e9dica escreveu que o menino n\u00e3o precisava de antibi\u00f3tico.\n<\/p>\n<p>\u201cExplico v\u00e1rias vezes o quadro, que minha HD [hip\u00f3tese diagn\u00f3stica] \u00e9 quadro viral devido evolu\u00e7\u00e3o e exames, que n\u00e3o necessita de ATB (antibi\u00f3tico), que a diarreia faz parte do quadro\u201d, diz trecho do documento.<strong>\u00a0Veja:<\/strong>\n<\/p>\n<p><strong><\/strong>\n<\/p>\n<p><strong>Reprodu\u00e7\u00e3o<\/strong>\n<\/p>\n<p>No outro relat\u00f3rio, expedido no dia seguinte, a equipe m\u00e9dica informou que Miguel estava \u201cacompanhado dos pais\u201d, com a \u201cm\u00e3e ansiosa\u201d. O documento descreve que o menino comeu sandu\u00edche, vomitou de madrugada e continuava com tosse e diarreia. \u201cRefere dor no peito, explico que \u00e9 devido [\u00e0] tosse. M\u00e3e faz praticamente as mesmas perguntas de ontem, com as mesmas queixas. Preocupada com a febre, explico novamente o quadro e a conduta, que \u00e9 medidas (sic) de suporte\u201d, afirmou.\n<\/p>\n<p>A m\u00e3e de Miguel, Genilva Fernandes, 40, denuncia que houve neglig\u00eancia m\u00e9dica. Ela disse \u00e0 Pol\u00edcia Civil do Distrito Federal (<a href=\"https:\/\/www.pcdf.df.gov.br\/\" target=\"_blank\" rel=\"noopener noreferrer\">PCDF<\/a>) que a respons\u00e1vel pelo atendimento n\u00e3o pediu exames que poderiam ter diagnosticado a presen\u00e7a da bact\u00e9ria.\n<\/p>\n<p>\u00a0<\/p>\n<p>Genilva tamb\u00e9m apontou irregularidade na atua\u00e7\u00e3o da administra\u00e7\u00e3o do Hospital Bras\u00edlia ao \u201cretardar ao m\u00e1ximo o envio do prontu\u00e1rio e demais informa\u00e7\u00f5es sobre o atendimento\u201d do filho\u201d.\n<\/p>\n<p>Em depoimento \u00e0 PCDF, a m\u00e3e de Miguel relatou ter sido informada por um infectologista de que, se o filho tivesse chegado \u00e0 UTI \u201cum pouco antes, o tratamento teria maiores chances de sucesso, pois o quadro era grav\u00edssimo\u201d.\u00a0<a href=\"https:\/\/www.metropoles.com\/colunas\/grande-angular\/pcdf-investiga-morte-de-menino-de-13-anos-em-hospital-particular\" target=\"_blank\" rel=\"noopener noreferrer\">A 10\u00aa Delegacia de Pol\u00edcia (Lago Sul) investiga o caso<\/a>.\n<\/p>\n<h5>Entenda o caso<\/h5>\n<ul>\n<li>Miguel Fernandes, de 13 anos, come\u00e7ou a apresentar febre, coriza e espirros, inicialmente tratados como rinite al\u00e9rgica pela m\u00e3e, com uso de Novalgina.<\/li>\n<li>Ap\u00f3s agravamento dos sintomas, Miguel foi ao Hospital Bras\u00edlia no dia 14 de outubro, onde exames descartaram Influenza e Covid-19.<\/li>\n<li>No dia seguinte, em 15 de outubro, Miguel apresentou novos sintomas, como v\u00f4mitos, diarreia, unhas roxas e fraqueza nas pernas. Retornou ao hospital.<\/li>\n<li>O quadro cl\u00ednico persistia grave, com febre, exantema e fraqueza, sem diagn\u00f3stico definido.<\/li>\n<li>A m\u00e3e, Genilva, denunciou o atendimento inadequado\u00a0 e a demora na realiza\u00e7\u00e3o de exames na Ouvidoria.<\/li>\n<li>Miguel desenvolveu\u00a0choque s\u00e9ptico com fal\u00eancia de \u00f3rg\u00e3os. Foi transferido para a UTI ap\u00f3s deteriora\u00e7\u00e3o significativa de sua sa\u00fade, com necessidade de intuba\u00e7\u00e3o e hemodi\u00e1lise.<\/li>\n<li>Na UTI, os m\u00e9dicos identificaram a infec\u00e7\u00e3o por\u00a0<strong><em>Streptococcus pyogenes<\/em>\u00a0<\/strong>e Influenza A, enfermidades respons\u00e1veis pelo agravamento do quadro.<\/li>\n<li>Miguel passou v\u00e1rias vezes por raspagem dos tecidos necrosados, mas ainda apresentava m\u00faltiplas complica\u00e7\u00f5es, como fal\u00eancia renal e cerebral.<\/li>\n<li>Um traqueostomia agravou ainda mais sua condi\u00e7\u00e3o e ele passou por mais um choque s\u00e9ptico;<\/li>\n<li>Miguel morreu na madrugada do dia 09 de novembro devido a choque s\u00e9ptico por<strong><em>\u00a0Streptococcus pyogenes<\/em><\/strong>, Influenza A, insufici\u00eancia renal aguda e gangrena perif\u00e9rica.<\/li>\n<\/ul>\n<p>Genilva contou \u00e0 coluna ter insistido para que a equipe m\u00e9dica aplicasse antibi\u00f3tico no filho ou fizesse um raio-x de t\u00f3rax para verificar a situa\u00e7\u00e3o da crian\u00e7a, mas os m\u00e9dicos preferiram aguardar a evolu\u00e7\u00e3o do quadro, tratando-o com soro, Novalgina e Tylenol.\n<\/p>\n<p>\u00a0<\/p>\n<p>No dia seguinte ao relato da equipe m\u00e9dica sobre a \u201cansiedade materna\u201d, em 18 de outubro, o menino iria receber dose de Tylenol, mas a m\u00e3e impediu o procedimento porque Miguel estava com dor no est\u00f4mago.\n<\/p>\n<p>Genilva afirmou \u00e0 reportagem ter dito \u00e0 equipe m\u00e9dica que n\u00e3o era para aplicar mais nada no filho at\u00e9 que explicasse o que estava ocorrendo, porque desconfiou de que a conduta n\u00e3o era \u201cnormal\u201d. Segundo Genilva, a m\u00e9dica fez uma segunda tentativa com Novalgina e filho come\u00e7ou a transpirar excessivamente.\n<\/p>\n<p>Horas depois, ainda em 18 de outubro e quatro dias ap\u00f3s dar entrada na unidade hospitalar, Miguel ficou roxo e entrou em choque s\u00e9ptico, segundo a m\u00e3e. Uma foto feita por Genilva mostra que as manchas come\u00e7aram a surgir pelo corpo do menino, o que piorou de forma severa nos dias seguintes.\n<\/p>\n<p>Miguel foi levado \u00e0 UTI no dia 18, onde foi constatado que os rins estavam muito debilitados e que o quadro era \u201cgrav\u00edssimo\u201d. Na unidade, o menino sofreu v\u00e1rias paradas cardiorrespirat\u00f3rias, mas resistiu. Ele chegou a ser intubado e a fazer hemodi\u00e1lise na UTI.\n<\/p>\n<p>Em 19 de outubro, cinco dias depois da interna\u00e7\u00e3o no Hospital Bras\u00edlia, os m\u00e9dicos confirmaram a contamina\u00e7\u00e3o por Influenza, infec\u00e7\u00e3o por\u00a0<em>Streptococcus<\/em>\u00a0\u2013 uma bact\u00e9ria grave que compromete \u00f3rg\u00e3os e tecidos \u2013, fal\u00eancia de \u00f3rg\u00e3os e necrose.\n<\/p>\n<p>Ele morreu na madrugada de 9 de novembro, 26 dias ap\u00f3s dar entrada no hospital. As costas, os gl\u00fateos, as pernas e as partes \u00edntimas do menino ficaram necrosadas e tiveram de passar por raspagem para retirada do tecido morto. Fotos enviadas \u00e0 reportagem pela fam\u00edlia mostram essas graves feridas no corpo de Miguel. A coluna optou por n\u00e3o divulgar todas as imagens.\n<\/p>\n<p><img decoding=\"async\" src=\"https:\/\/fly.metroimg.com\/upload\/q_85,w_1200\/https:\/\/uploads.metroimg.com\/wp-content\/uploads\/2025\/01\/22130707\/Miguel-Fernandes-UTI-19-10.jpg\" alt=\"\" width=\"100%\"\/>\n<\/p>\n<p><img decoding=\"async\" src=\"https:\/\/fly.metroimg.com\/upload\/q_85,w_1200\/https:\/\/uploads.metroimg.com\/wp-content\/uploads\/2025\/01\/22130855\/Miguel-Fernandes-UTI-07-11.jpg\" alt=\"\" width=\"100%\"\/>\n<\/p>\n<p>O outro lado<br \/>Em nota enviada ao Metr\u00f3poles, a assessoria do Hospital Bras\u00edlia disse que, \u201cem respeito \u00e0 privacidade e confidencialidade, n\u00e3o divulgamos informa\u00e7\u00f5es sobre hist\u00f3rico de sa\u00fade dos nossos pacientes, conforme determinam as normas \u00e9ticas e legais de sigilo m\u00e9dico\u201d.<\/p>\n<p>Fonte: Metr\u00f3poles              <\/p>\n<\/div>\n<p><br \/>\n<br \/><a href=\"https:\/\/diariodobrasilnoticias.com.br\/noticia\/imagens-fortes-menino-morre-comido-por-bacteria-e-prontuario-aponta-ansiedade-da-mae-679231b92235c\">Source link <\/a><\/p>","protected":false},"excerpt":{"rendered":"<p>O prontu\u00e1rio no Hospital Bras\u00edlia do menino de 13 anos que morreu com o corpo todo necrosado em raz\u00e3o de infec\u00e7\u00e3o bacteriana relatou, em ao menos duas ocasi\u00f5es diferentes, que&hellip;<\/p>","protected":false},"author":1,"featured_media":94921,"comment_status":"closed","ping_status":"open","sticky":false,"template":"","format":"standard","meta":{"content-type":"","footnotes":""},"categories":[16],"tags":[123,2448,5313,1267],"class_list":["post-94920","post","type-post","status-publish","format-standard","has-post-thumbnail","hentry","category-noticias","tag-brasil","tag-diario","tag-noticia","tag-noticias"],"_links":{"self":[{"href":"https:\/\/tvbrazilusa.com\/pt\/wp-json\/wp\/v2\/posts\/94920","targetHints":{"allow":["GET"]}}],"collection":[{"href":"https:\/\/tvbrazilusa.com\/pt\/wp-json\/wp\/v2\/posts"}],"about":[{"href":"https:\/\/tvbrazilusa.com\/pt\/wp-json\/wp\/v2\/types\/post"}],"author":[{"embeddable":true,"href":"https:\/\/tvbrazilusa.com\/pt\/wp-json\/wp\/v2\/users\/1"}],"replies":[{"embeddable":true,"href":"https:\/\/tvbrazilusa.com\/pt\/wp-json\/wp\/v2\/comments?post=94920"}],"version-history":[{"count":1,"href":"https:\/\/tvbrazilusa.com\/pt\/wp-json\/wp\/v2\/posts\/94920\/revisions"}],"predecessor-version":[{"id":94922,"href":"https:\/\/tvbrazilusa.com\/pt\/wp-json\/wp\/v2\/posts\/94920\/revisions\/94922"}],"wp:featuredmedia":[{"embeddable":true,"href":"https:\/\/tvbrazilusa.com\/pt\/wp-json\/wp\/v2\/media\/94921"}],"wp:attachment":[{"href":"https:\/\/tvbrazilusa.com\/pt\/wp-json\/wp\/v2\/media?parent=94920"}],"wp:term":[{"taxonomy":"category","embeddable":true,"href":"https:\/\/tvbrazilusa.com\/pt\/wp-json\/wp\/v2\/categories?post=94920"},{"taxonomy":"post_tag","embeddable":true,"href":"https:\/\/tvbrazilusa.com\/pt\/wp-json\/wp\/v2\/tags?post=94920"}],"curies":[{"name":"wp","href":"https:\/\/api.w.org\/{rel}","templated":true}]}}