{"id":94926,"date":"2025-01-23T14:46:08","date_gmt":"2025-01-23T14:46:08","guid":{"rendered":"https:\/\/tvbrazilusa.com\/2025\/01\/23\/netanyahu-sai-em-defesa-de-musk-falsamente-difamado\/"},"modified":"2025-01-23T14:46:09","modified_gmt":"2025-01-23T14:46:09","slug":"netanyahu-sai-em-defesa-de-musk-falsamente-difamado","status":"publish","type":"post","link":"https:\/\/tvbrazilusa.com\/pt\/2025\/01\/23\/netanyahu-sai-em-defesa-de-musk-falsamente-difamado\/","title":{"rendered":"Netanyahu sai em defesa de Musk: &#8216;Falsamente difamado&#8217;"},"content":{"rendered":"<p> <script async src=\"https:\/\/pagead2.googlesyndication.com\/pagead\/js\/adsbygoogle.js?client=ca-pub-8864793242727901\"\r\n     crossorigin=\"anonymous\"><\/script><br \/>\n<\/p>\n<div id=\"taboola-read-more\" style=\"display:block; width:100%\">\n<p>O primeiro-ministro de Israel, Benjamin Netanyahu, saiu em defesa de Elon Musk nesta quinta-feira, 23, afirmando que o bilion\u00e1rio, acusado de ter realizado uma sauda\u00e7\u00e3o nazista, est\u00e1 sendo \u201cfalsamente difamado\u201d pelo gesto feito ao p\u00fablico na Capital One Arena, na segunda-feira, 20.\n<\/p>\n<p>\u201cElon Musk est\u00e1 sendo falsamente difamado.<\/p>\n<p><em>Elon \u00e9 um grande amigo de Israel. Ele visitou Israel ap\u00f3s o massacre de 7 de outubro, no qual terroristas do Hamas cometeram a pior atrocidade contra o povo judeu desde o Holocausto. Desde ent\u00e3o, ele tem apoiado repetida e vigorosamente o direito de Israel de se defender contra terroristas genocidas e regimes que buscam aniquilar o \u00fanico estado judeu.<\/em>\n<\/p>\n<p>\u00a0<\/p>\n<p><em>Agrade\u00e7o a ele por isso.\u201d<\/em>\n<\/p>\n<h2 id=\"h-musk-em-israel\" class=\"wp-block-heading\">Musk em Israel<\/h2>\n<p>Musk foi recebido por Netanyahu em Israel em 17 de novembro de 2023.\n<\/p>\n<p>Na ocasi\u00e3o, ele visitou locais devastados pelo terror do Hamas, como o kibutz Kfar Azza.\n<\/p>\n<p>O dono do X tamb\u00e9m se encontrou com o presidente israelense, Isaac Herzog, e com parentes de ref\u00e9ns mantidos pelo Hamas em Gaza.\n<\/p>\n<p>\u00a0<\/p>\n<h2 id=\"h-musk-debocha-de-esquerdistas-radicais\" class=\"wp-block-heading\">Musk debocha de \u201cesquerdistas radicais\u201d<\/h2>\n<p>Como mostramos, o chefe do Departamento de Efici\u00eancia Governamental (Doge, na sigla em ingl\u00eas) do governo Trump\u00a0<a href=\"https:\/\/oantagonista.com.br\/mundo\/crusoe-musk-debocha-de-esquerdistas-radicais-que-o-chamam-de-nazista\/\">debochou dos\u00a0<em>\u201cesquerdistas radicais\u201d<\/em><\/a>\u00a0que o chamam de nazista.\n<\/p>\n<p><em>\u201cOs esquerdistas radicais est\u00e3o realmente chateados por terem que tirar um tempo do\u00a0<strong>seu dia ocupado elogiando o Hamas<\/strong>\u00a0para me chamar de nazista\u201d<\/em>, escreveu o empres\u00e1rio no X.\n<\/p>\n<p>\u00a0<\/p>\n<p>Ao discursar na Capital One Arena na segunda, 20, o dono das empresas Tesla, SpaceX e X\u00a0bateu no peito com a m\u00e3o direita e estendeu o bra\u00e7o, com a palma aberta.\n<\/p>\n<p>Antes de realizar o gesto, ele afirmou:\n<\/p>\n<p><em>\u201cElei\u00e7\u00f5es v\u00eam e v\u00e3o. Algumas elei\u00e7\u00f5es s\u00e3o importantes, mas esta vit\u00f3ria realmente importa. E eu s\u00f3 que dizer \u2018obrigado\u2019 por fazer isso acontecer. Obrigado.\u201d<\/em>\n<\/p>\n<p>\u00a0<\/p>\n<p>Ap\u00f3s estender o bra\u00e7o \u00e0 multid\u00e3o que o ovacionava, Musk continuou:\n<\/p>\n<p><em>\u201c<strong>Meu cora\u00e7\u00e3o vai para voc\u00eas.<\/strong>\u00a0\u00c9 gra\u00e7as a voc\u00eas que o futuro da na\u00e7\u00e3o est\u00e1 garantido.\u201d\u00a0<\/em><\/p>\n<p>Fonte:O antagonista\n              <\/p>\n<\/div>\n<p><br \/>\n<br \/><a href=\"https:\/\/diariodobrasilnoticias.com.br\/noticia\/netanyahu-sai-em-defesa-de-musk-falsamente-difamado-67923d2f3d368\">Source link <\/a><\/p>","protected":false},"excerpt":{"rendered":"<p>O primeiro-ministro de Israel, Benjamin Netanyahu, saiu em defesa de Elon Musk nesta quinta-feira, 23, afirmando que o bilion\u00e1rio, acusado de ter realizado uma sauda\u00e7\u00e3o nazista, est\u00e1 sendo \u201cfalsamente difamado\u201d&hellip;<\/p>","protected":false},"author":1,"featured_media":94927,"comment_status":"closed","ping_status":"open","sticky":false,"template":"","format":"standard","meta":{"content-type":"","footnotes":""},"categories":[16],"tags":[123,2448,5313,1267],"class_list":["post-94926","post","type-post","status-publish","format-standard","has-post-thumbnail","hentry","category-noticias","tag-brasil","tag-diario","tag-noticia","tag-noticias"],"_links":{"self":[{"href":"https:\/\/tvbrazilusa.com\/pt\/wp-json\/wp\/v2\/posts\/94926","targetHints":{"allow":["GET"]}}],"collection":[{"href":"https:\/\/tvbrazilusa.com\/pt\/wp-json\/wp\/v2\/posts"}],"about":[{"href":"https:\/\/tvbrazilusa.com\/pt\/wp-json\/wp\/v2\/types\/post"}],"author":[{"embeddable":true,"href":"https:\/\/tvbrazilusa.com\/pt\/wp-json\/wp\/v2\/users\/1"}],"replies":[{"embeddable":true,"href":"https:\/\/tvbrazilusa.com\/pt\/wp-json\/wp\/v2\/comments?post=94926"}],"version-history":[{"count":1,"href":"https:\/\/tvbrazilusa.com\/pt\/wp-json\/wp\/v2\/posts\/94926\/revisions"}],"predecessor-version":[{"id":94928,"href":"https:\/\/tvbrazilusa.com\/pt\/wp-json\/wp\/v2\/posts\/94926\/revisions\/94928"}],"wp:featuredmedia":[{"embeddable":true,"href":"https:\/\/tvbrazilusa.com\/pt\/wp-json\/wp\/v2\/media\/94927"}],"wp:attachment":[{"href":"https:\/\/tvbrazilusa.com\/pt\/wp-json\/wp\/v2\/media?parent=94926"}],"wp:term":[{"taxonomy":"category","embeddable":true,"href":"https:\/\/tvbrazilusa.com\/pt\/wp-json\/wp\/v2\/categories?post=94926"},{"taxonomy":"post_tag","embeddable":true,"href":"https:\/\/tvbrazilusa.com\/pt\/wp-json\/wp\/v2\/tags?post=94926"}],"curies":[{"name":"wp","href":"https:\/\/api.w.org\/{rel}","templated":true}]}}