{"id":94932,"date":"2025-01-23T14:32:03","date_gmt":"2025-01-23T14:32:03","guid":{"rendered":"https:\/\/tvbrazilusa.com\/2025\/01\/23\/pt-recupera-video-de-lula-criticando-apoio-brasileiro-aos-eua-paulo-figueiredo-tv-florida-usa-a-sua-tv-brasileira-nos-estados-unidos\/"},"modified":"2025-01-23T14:51:28","modified_gmt":"2025-01-23T14:51:28","slug":"pt-recupera-video-de-lula-criticando-apoio-brasileiro-aos-eua-paulo-figueiredo-tv-florida-usa-a-sua-tv-brasileira-nos-estados-unidos","status":"publish","type":"post","link":"https:\/\/tvbrazilusa.com\/pt\/2025\/01\/23\/pt-recupera-video-de-lula-criticando-apoio-brasileiro-aos-eua-paulo-figueiredo-tv-florida-usa-a-sua-tv-brasileira-nos-estados-unidos\/","title":{"rendered":"PT recupera v\u00eddeo de Lula criticando apoio brasileiro aos EUA \u2013 Paulo Figueiredo \u2013 TV Florida USA \u2013 A sua TV Brasileira nos Estados Unidos"},"content":{"rendered":"<p> <script async src=\"https:\/\/pagead2.googlesyndication.com\/pagead\/js\/adsbygoogle.js?client=ca-pub-8864793242727901\"\r\n     crossorigin=\"anonymous\"><\/script><br \/>\n<\/p>\n<div id=\"wtr-content\" data-bg=\"#FFFFFF\" data-fg=\"#006d91\" data-width=\"25\" data-mute=\"1\" data-fgopacity=\"1.00\" data-mutedopacity=\"0.5\" data-placement=\"bottom\" data-placement-offset=\"0\" data-content-offset=\"262\" data-placement-touch=\"bottom\" data-placement-offset-touch=\"0\" data-transparent=\"\" data-shadow=\"0\" data-touch=\"1\" data-non-touch=\"1\" data-comments=\"0\" data-commentsbg=\"transparent\" data-location=\"page\" data-mutedfg=\"#006d91\" data-endfg=\"#006d91\" data-rtl=\"\">\n<h3 class=\"wp-block-heading\">Publica\u00e7\u00e3o nas redes sociais do partido do presidente se d\u00e1 1 dia depois de Trump dizer que o seu pa\u00eds n\u00e3o precisa do Brasil<\/h3>\n<p>O\u00a0PT\u00a0(Partido dos Trabalhadores)\u00a0compartilhou\u00a0em seus perfis nas redes sociais na 3\u00aa feira (21.jan.2025) um v\u00eddeo do presidente\u00a0Luiz In\u00e1cio Lula da Silva\u00a0(PT) afirmando que os norte-americanos s\u00f3 pensam em si pr\u00f3prios. O resgate da grava\u00e7\u00e3o de 2019 se d\u00e1 1 dia depois de o presidente dos Estados Unidos, Donald Trump (Republicano), dizer que o seu pa\u00eds\u00a0n\u00e3o precisa do Brasil.<\/p>\n<p><em>\u201cNunca vi um presidente bater contin\u00eancia para a bandeira americana. Nunca vi um presidente dizer \u2018eu amo os Estados Unidos\u2019. Ama sua m\u00e3e, ama o seu pa\u00eds. Algu\u00e9m acha que os EUA v\u00e3o favorecer o Brasil? Americano pensa em americano em 1\u00ba, 2\u00ba, 3\u00ba, 4\u00ba e 5\u00ba lugar. E se sobrar tempo, pensa em americano. E ficam os lacaios brasileiros achando que os americanos v\u00e3o fazer alguma coisa por n\u00f3s. Quem tem que fazer por n\u00f3s somos n\u00f3s. Acabar com o complexo de vira-lata, levantar a cabe\u00e7a. A solu\u00e7\u00e3o dos problemas do Brasil est\u00e1 dentro do Brasil\u201d,\u00a0<\/em>declarou Lula \u00e0 \u00e9poca.<\/p>\n<p>A fala se deu em entrevista ao jornal espanhol\u00a0<em>El Pa\u00eds\u00a0<\/em>e \u00e0\u00a0<em>Folha de S.Paulo\u00a0<\/em>em 26 de abril de 2019, quando ainda estava preso na sede da PF (Pol\u00edcia Federal) de Curitiba depois de ser alvo da opera\u00e7\u00e3o Lava Jato. Na ocasi\u00e3o, disse que, ao sair da pris\u00e3o, iria\u00a0<em>\u201cp\u00f4r o p\u00e9 na estrada\u201d<\/em>\u00a0para<em>\u00a0\u201cjunto com esse povo levantar a cabe\u00e7a e n\u00e3o deixar entregar o Brasil aos americanos\u201d.<\/em><\/p>\n<figure class=\"wp-block-embed is-type-rich is-provider-twitter wp-block-embed-twitter\">\n<div class=\"wp-block-embed__wrapper\">\n<blockquote class=\"twitter-tweet\" data-width=\"550\" data-dnt=\"true\">\n<p lang=\"pt\" dir=\"ltr\">\ud83d\udcad Ei, patriota, bora pensar juntos: ningu\u00e9m vai fazer pelo Brasil o que s\u00f3 a gente pode. Ame sua terra, acredite na nossa na\u00e7\u00e3o. T\u00e1 na hora de investir em n\u00f3s, de confiar no nosso potencial e deixar qualquer complexo de lado. <br \/>O patriotismo come\u00e7a aqui, pelo nosso pa\u00eds! \ud83c\udde7\ud83c\uddf7 <a rel=\"nofollow\" target=\"_blank\" href=\"https:\/\/t.co\/Jm2Uy4fwkt\">pic.twitter.com\/Jm2Uy4fwkt<\/a><\/p>\n<p>\u2014 PT Brasil (@ptbrasil) <a rel=\"nofollow\" target=\"_blank\" href=\"https:\/\/twitter.com\/ptbrasil\/status\/1881846741336461686?ref_src=twsrc%5Etfw\">January 21, 2025<\/a><\/p>\n<\/blockquote>\n<\/div>\n<\/figure>\n<p>Ao recuperar a entrevista, o PT disse nas redes sociais que ningu\u00e9m ir\u00e1 fazer pelo Brasil o que s\u00f3 os brasileiros podem fazer.<\/p>\n<p><em>\u201cAme sua terra, acredite na nossa na\u00e7\u00e3o. T\u00e1 na hora de investir em n\u00f3s, de confiar no nosso potencial e deixar qualquer complexo de lado. O patriotismo come\u00e7a aqui, pelo nosso pa\u00eds!\u201d<\/em>, declarou.<\/p>\n<p>Al\u00e9m do perfil da sigla, outros petistas tamb\u00e9m t\u00eam repostado o v\u00eddeo, a exemplo da presidente do partido,\u00a0<strong>Gleisi Hoffmann, o senador\u00a0Humberto Costa\u00a0(PT-PE) e o deputado federal\u00a0Lindbergh Farias\u00a0(PT-RJ).<\/strong><\/p>\n<figure class=\"wp-block-image aligncenter size-large\"\/>\n<figure class=\"wp-block-image aligncenter size-large\"><\/figure>\n<figure class=\"wp-block-image aligncenter size-large\"><img decoding=\"async\" src=\"https:\/\/static.poder360.com.br\/2025\/01\/lindbergh-video-lula-2019.png\" alt=\"\"\/><\/figure>\n<h3 class=\"wp-block-heading\">CR\u00cdTICA DE TRUMP<\/h3>\n<p>Trump deu a declara\u00e7\u00e3o enquanto assinava os primeiros decretos do governo no Sal\u00e3o Oval, na Casa Branca, depois de tomar posse, na 2\u00aa feira (20.jan). O republicano foi questionado sobre as rela\u00e7\u00f5es com o Brasil e com a Am\u00e9rica Latina. H\u00e1 a expectativa de que o governo Trump volte a taxar produtos brasileiros e cerceie as inten\u00e7\u00f5es do Brics de criar uma moeda pr\u00f3pria para fazer com\u00e9rcio sem o d\u00f3lar.<\/p>\n<p><em>\u201c\u00d3tima, deve ser \u00f3tima. Eles precisam da gente mais do que n\u00f3s deles. N\u00f3s n\u00e3o precisamos deles. Todos precisam da gente\u201d,<\/em>\u00a0declarou o presidente dos EUA.<\/p>\n<p>Nas redes sociais, Lula desejou sucesso ao republicano. Afirmou que as rela\u00e7\u00f5es entre ambos os pa\u00edses s\u00e3o<em>\u00a0\u201cmarcadas por uma trajet\u00f3ria de coopera\u00e7\u00e3o, fundamentada no respeito m\u00fatuo e em uma amizade hist\u00f3rica\u201d<\/em>. Em novembro do ano passado, no entanto, o petista disse que torcia por Kamala Harris (Partido Democrata), vice de Joe Biden e advers\u00e1ria de Trump. Na \u00e9poca, tamb\u00e9m afirmou que a vit\u00f3ria do republicano seria a volta de um\u00a0<em>\u201cnazismo e fascismo com outra cara\u201d.<\/em><\/p>\n<p><strong><a rel=\"nofollow\" target=\"_blank\" href=\"https:\/\/www.poder360.com.br\/partidos-politicos\/pt-recupera-video-de-lula-criticando-apoio-brasileiro-aos-eua\/\">Source link<\/a><\/strong><\/p>\n<\/div>\n<p><script async src=\"\/\/platform.twitter.com\/widgets.js\" charset=\"utf-8\"><\/script><br \/>\n<br \/><br \/>\n<br \/><a href=\"https:\/\/tvfloridausa.com\/2025\/01\/23\/pt-recupera-video-de-lula-criticando-apoio-brasileiro-aos-eua-paulo-figueiredo\/\">Source link <\/a><\/p>","protected":false},"excerpt":{"rendered":"<p>Publica\u00e7\u00e3o nas redes sociais do partido do presidente se d\u00e1 1 dia depois de Trump dizer que o seu pa\u00eds n\u00e3o precisa do Brasil O\u00a0PT\u00a0(Partido dos Trabalhadores)\u00a0compartilhou\u00a0em seus perfis nas&hellip;<\/p>","protected":false},"author":1,"featured_media":94933,"comment_status":"closed","ping_status":"open","sticky":false,"template":"","format":"standard","meta":{"content-type":"","footnotes":""},"categories":[22],"tags":[],"class_list":["post-94932","post","type-post","status-publish","format-standard","has-post-thumbnail","hentry","category-tv-florida-usa"],"_links":{"self":[{"href":"https:\/\/tvbrazilusa.com\/pt\/wp-json\/wp\/v2\/posts\/94932","targetHints":{"allow":["GET"]}}],"collection":[{"href":"https:\/\/tvbrazilusa.com\/pt\/wp-json\/wp\/v2\/posts"}],"about":[{"href":"https:\/\/tvbrazilusa.com\/pt\/wp-json\/wp\/v2\/types\/post"}],"author":[{"embeddable":true,"href":"https:\/\/tvbrazilusa.com\/pt\/wp-json\/wp\/v2\/users\/1"}],"replies":[{"embeddable":true,"href":"https:\/\/tvbrazilusa.com\/pt\/wp-json\/wp\/v2\/comments?post=94932"}],"version-history":[{"count":1,"href":"https:\/\/tvbrazilusa.com\/pt\/wp-json\/wp\/v2\/posts\/94932\/revisions"}],"predecessor-version":[{"id":94934,"href":"https:\/\/tvbrazilusa.com\/pt\/wp-json\/wp\/v2\/posts\/94932\/revisions\/94934"}],"wp:featuredmedia":[{"embeddable":true,"href":"https:\/\/tvbrazilusa.com\/pt\/wp-json\/wp\/v2\/media\/94933"}],"wp:attachment":[{"href":"https:\/\/tvbrazilusa.com\/pt\/wp-json\/wp\/v2\/media?parent=94932"}],"wp:term":[{"taxonomy":"category","embeddable":true,"href":"https:\/\/tvbrazilusa.com\/pt\/wp-json\/wp\/v2\/categories?post=94932"},{"taxonomy":"post_tag","embeddable":true,"href":"https:\/\/tvbrazilusa.com\/pt\/wp-json\/wp\/v2\/tags?post=94932"}],"curies":[{"name":"wp","href":"https:\/\/api.w.org\/{rel}","templated":true}]}}