{"id":94943,"date":"2025-01-23T15:20:26","date_gmt":"2025-01-23T15:20:26","guid":{"rendered":"https:\/\/tvbrazilusa.com\/2025\/01\/23\/tcu-rejeita-pedido-de-investigacao-sobre-irregularidades-em-publicacoes-do-governo-lula\/"},"modified":"2025-01-23T15:20:27","modified_gmt":"2025-01-23T15:20:27","slug":"tcu-rejeita-pedido-de-investigacao-sobre-irregularidades-em-publicacoes-do-governo-lula","status":"publish","type":"post","link":"https:\/\/tvbrazilusa.com\/pt\/2025\/01\/23\/tcu-rejeita-pedido-de-investigacao-sobre-irregularidades-em-publicacoes-do-governo-lula\/","title":{"rendered":"TCU rejeita pedido de investiga\u00e7\u00e3o sobre irregularidades em publica\u00e7\u00f5es do governo Lula"},"content":{"rendered":"<p> <script async src=\"https:\/\/pagead2.googlesyndication.com\/pagead\/js\/adsbygoogle.js?client=ca-pub-8864793242727901\"\r\n     crossorigin=\"anonymous\"><\/script><br \/>\n<\/p>\n<p>O Tribunal de Contas da Uni\u00e3o (TCU), decidiu na quarta-feira rejeitar uma representa\u00e7\u00e3o que solicitava investiga\u00e7\u00e3o sobre poss\u00edveis irregularidades na Secretaria de Comunica\u00e7\u00e3o Social da Presid\u00eancia da Rep\u00fablica (Secom).\n<\/p>\n<p>A investiga\u00e7\u00e3o estava relacionada \u00e0 publicidade institucional do governo Lula. A decis\u00e3o dos ministros contrariou o posicionamento t\u00e9cnico da \u00e1rea especializada do tribunal.<\/p>\n<p>O caso envolvia tr\u00eas publica\u00e7\u00f5es feitas no Twitter\/X, pelos perfis oficiais do governo federal e da Secom. Essas postagens ocorreram entre mar\u00e7o de 2023 e janeiro de 2024. Uma delas, publicada em 29 de janeiro de 2024, apresentava uma imagem com a frase \u201ctoc, toc, toc\u201d.\n<\/p>\n<p>A postagem fazia refer\u00eancia \u00e0s visitas de agentes comunit\u00e1rios de sa\u00fade no contexto das a\u00e7\u00f5es de combate \u00e0 dengue. No mesmo dia, o vereador Carlos Bolsonaro (Republicanos-RJ) foi alvo de mandados de busca e apreens\u00e3o expedidos pela Pol\u00edcia Federal.\n<\/p>\n<p>O deputado federal Ubiratan Sanderson (PL-RS) foi quem solicitou a an\u00e1lise pelo TCU. Ele afirmou que as publica\u00e7\u00f5es no perfil oficial do Executivo tinham como objetivo promover a imagem pessoal de figuras p\u00fablicas e ironizar advers\u00e1rios pol\u00edticos. Sanderson sustentou que essas a\u00e7\u00f5es poderiam violar o artigo 37, par\u00e1grafo 1\u00ba, da Constitui\u00e7\u00e3o Federal, que regulamenta a publicidade de atos, programas, obras, servi\u00e7os e campanhas institucionais.\n<\/p>\n<div id=\"hd80s9wa1h892edh8192\">\n<h2 class=\"wp-block-heading\">Bruno Dantas, ministro relator e ex-presidente do TCU, foi respons\u00e1vel por avaliar o caso<\/h2>\n<p>Bruno Dantas, ministro relator e ex-presidente do TCU, foi respons\u00e1vel por avaliar o caso. A Unidade de Auditoria Especializada em Governan\u00e7a e Inova\u00e7\u00e3o, AudGovernan\u00e7a, recomendou dilig\u00eancias adicionais para investigar a possibilidade de desvio de finalidade nas publica\u00e7\u00f5es. O parecer t\u00e9cnico indicava que as postagens poderiam violar o princ\u00edpio da impessoalidade e desvirtuar o car\u00e1ter educativo, informativo ou de orienta\u00e7\u00e3o social exigido em a\u00e7\u00f5es de comunica\u00e7\u00e3o p\u00fablica.\n<\/p>\n<p>\u00a0<\/p>\n<p>Bruno Dantas discordou da recomenda\u00e7\u00e3o da auditoria. Ele concluiu que as publica\u00e7\u00f5es n\u00e3o apresentavam men\u00e7\u00f5es diretas nem evid\u00eancias claras que sustentassem uma inten\u00e7\u00e3o deliberada de promo\u00e7\u00e3o pessoal ou desrespeito aos advers\u00e1rios pol\u00edticos. Segundo o relator, as refer\u00eancias eram vagas e abertas, o que tornava qualquer acusa\u00e7\u00e3o desse tipo especulativa.\n<\/p>\n<p>\u201cA an\u00e1lise do conte\u00fado das postagens n\u00e3o permite concluir que houve inten\u00e7\u00e3o deliberada de promo\u00e7\u00e3o pessoal ou de deboche contra advers\u00e1rios pol\u00edticos\u201d, escreveu Dantas. \u201cAs refer\u00eancias s\u00e3o indiretas e abertas e, portanto, a interpreta\u00e7\u00e3o de que visam prejudicar advers\u00e1rios pol\u00edticos \u00e9 meramente especulativa.\u201d\n<\/p>\n<\/div>\n<div>\n<div id=\"hd80s9wa1h892edh8192\" class=\"entry-content break-word select-none\">\n<h2 class=\"wp-block-heading\">Bruno Dantas, ministro relator e ex-presidente do TCU, foi respons\u00e1vel por avaliar o caso<\/h2>\n<p>Bruno Dantas, ministro relator e ex-presidente do TCU, foi respons\u00e1vel por avaliar o caso. A Unidade de Auditoria Especializada em Governan\u00e7a e Inova\u00e7\u00e3o, AudGovernan\u00e7a, recomendou dilig\u00eancias adicionais para investigar a possibilidade de desvio de finalidade nas publica\u00e7\u00f5es. O parecer t\u00e9cnico indicava que as postagens poderiam violar o princ\u00edpio da impessoalidade e desvirtuar o car\u00e1ter educativo, informativo ou de orienta\u00e7\u00e3o social exigido em a\u00e7\u00f5es de comunica\u00e7\u00e3o p\u00fablica.\n<\/p>\n<p>Bruno Dantas discordou da recomenda\u00e7\u00e3o da auditoria. Ele concluiu que as publica\u00e7\u00f5es n\u00e3o apresentavam men\u00e7\u00f5es diretas nem evid\u00eancias claras que sustentassem uma inten\u00e7\u00e3o deliberada de promo\u00e7\u00e3o pessoal ou desrespeito aos advers\u00e1rios pol\u00edticos. Segundo o relator, as refer\u00eancias eram vagas e abertas, o que tornava qualquer acusa\u00e7\u00e3o desse tipo especulativa.\n<\/p>\n<p>\u201cA an\u00e1lise do conte\u00fado das postagens n\u00e3o permite concluir que houve inten\u00e7\u00e3o deliberada de promo\u00e7\u00e3o pessoal ou de deboche contra advers\u00e1rios pol\u00edticos\u201d, escreveu Dantas. \u201cAs refer\u00eancias s\u00e3o indiretas e abertas e, portanto, a interpreta\u00e7\u00e3o de que visam prejudicar advers\u00e1rios pol\u00edticos \u00e9 meramente especulativa.\u201d\n<\/p>\n<\/div>\n<p>\u00a0<\/p>\n<p>Fonte: Revista Oeste<\/p>\n<\/div>\n<p><br \/>\n<br \/><a href=\"https:\/\/diariodobrasilnoticias.com.br\/noticia\/tcu-rejeita-pedido-de-investigacao-sobre-irregularidades-em-publicacoes-do-governo-lula-6792477366c51\">Source link <\/a><\/p>","protected":false},"excerpt":{"rendered":"<p>O Tribunal de Contas da Uni\u00e3o (TCU), decidiu na quarta-feira rejeitar uma representa\u00e7\u00e3o que solicitava investiga\u00e7\u00e3o sobre poss\u00edveis irregularidades na Secretaria de Comunica\u00e7\u00e3o Social da Presid\u00eancia da Rep\u00fablica (Secom). A&hellip;<\/p>","protected":false},"author":1,"featured_media":94944,"comment_status":"closed","ping_status":"open","sticky":false,"template":"","format":"standard","meta":{"content-type":"","footnotes":""},"categories":[16],"tags":[123,2448,5313,1267],"class_list":["post-94943","post","type-post","status-publish","format-standard","has-post-thumbnail","hentry","category-noticias","tag-brasil","tag-diario","tag-noticia","tag-noticias"],"_links":{"self":[{"href":"https:\/\/tvbrazilusa.com\/pt\/wp-json\/wp\/v2\/posts\/94943","targetHints":{"allow":["GET"]}}],"collection":[{"href":"https:\/\/tvbrazilusa.com\/pt\/wp-json\/wp\/v2\/posts"}],"about":[{"href":"https:\/\/tvbrazilusa.com\/pt\/wp-json\/wp\/v2\/types\/post"}],"author":[{"embeddable":true,"href":"https:\/\/tvbrazilusa.com\/pt\/wp-json\/wp\/v2\/users\/1"}],"replies":[{"embeddable":true,"href":"https:\/\/tvbrazilusa.com\/pt\/wp-json\/wp\/v2\/comments?post=94943"}],"version-history":[{"count":1,"href":"https:\/\/tvbrazilusa.com\/pt\/wp-json\/wp\/v2\/posts\/94943\/revisions"}],"predecessor-version":[{"id":94945,"href":"https:\/\/tvbrazilusa.com\/pt\/wp-json\/wp\/v2\/posts\/94943\/revisions\/94945"}],"wp:featuredmedia":[{"embeddable":true,"href":"https:\/\/tvbrazilusa.com\/pt\/wp-json\/wp\/v2\/media\/94944"}],"wp:attachment":[{"href":"https:\/\/tvbrazilusa.com\/pt\/wp-json\/wp\/v2\/media?parent=94943"}],"wp:term":[{"taxonomy":"category","embeddable":true,"href":"https:\/\/tvbrazilusa.com\/pt\/wp-json\/wp\/v2\/categories?post=94943"},{"taxonomy":"post_tag","embeddable":true,"href":"https:\/\/tvbrazilusa.com\/pt\/wp-json\/wp\/v2\/tags?post=94943"}],"curies":[{"name":"wp","href":"https:\/\/api.w.org\/{rel}","templated":true}]}}