{"id":94946,"date":"2025-01-23T15:31:52","date_gmt":"2025-01-23T15:31:52","guid":{"rendered":"https:\/\/tvbrazilusa.com\/2025\/01\/23\/desistencia-em-massa-no-exercito-brasileiro-trinta-e-seis-sargentos-abandonam-suas-funcoes-simultaneamente\/"},"modified":"2025-01-23T15:31:54","modified_gmt":"2025-01-23T15:31:54","slug":"desistencia-em-massa-no-exercito-brasileiro-trinta-e-seis-sargentos-abandonam-suas-funcoes-simultaneamente","status":"publish","type":"post","link":"https:\/\/tvbrazilusa.com\/pt\/2025\/01\/23\/desistencia-em-massa-no-exercito-brasileiro-trinta-e-seis-sargentos-abandonam-suas-funcoes-simultaneamente\/","title":{"rendered":"Desist\u00eancia em massa no Ex\u00e9rcito Brasileiro: trinta e seis sargentos abandonam suas fun\u00e7\u00f5es simultaneamente"},"content":{"rendered":"<p> <script async src=\"https:\/\/pagead2.googlesyndication.com\/pagead\/js\/adsbygoogle.js?client=ca-pub-8864793242727901\"\r\n     crossorigin=\"anonymous\"><\/script><br \/>\n<\/p>\n<div>\n<figure class=\"post-image\">\n<\/figure>\n<p>            <span style=\"font-size: 12px\">(Divulga\u00e7\u00e3o)<\/span><\/p>\n<p>            <!-- end metas --><br \/>\n            <!-- ADS --><\/p>\n<div id=\"taboola-read-more\" style=\"display:block; width:100%\">\n<p>Somente nesta sexta-feira (17), trinta e seis sargentos deixaram a institui\u00e7\u00e3o do Ex\u00e9rcito, segundo o aditamento da Diretoria de Controle de Efetivo e Movimenta\u00e7\u00f5es (site Montedo) (DECEM). Destes, quatro segundos sargentos e trinta e dois terceiros sargentos decidiram retornar \u00e0 vida civil. Essa sa\u00edda importante reflete uma tend\u00eancia crescente entre os graduados do setor.\n<\/p>\n<p><strong>A sa\u00edda de sargentos e os desafios da carreira militar no Ex\u00e9rcito<\/strong><br \/>As mudan\u00e7as no fluxo de carreira, al\u00e9m do aumento do tempo m\u00ednimo de servi\u00e7o, t\u00eam contribu\u00eddo para essa decis\u00e3o. Por exemplo, os sargentos percebem que a perspectiva de apenas tr\u00eas promo\u00e7\u00f5es ao longo de 35 anos n\u00e3o \u00e9 atraente. H\u00e1 uma sensa\u00e7\u00e3o de que as oportunidades de ascens\u00e3o na carreira militar est\u00e3o se tornando limitadas nas institui\u00e7\u00f5es.<\/p>\n<p>Consequentemente, essa realidade tem estimulado os graduados rec\u00e9m-sa\u00eddos das escolas de forma\u00e7\u00e3o a buscarem alternativas fora da carreira militar. Muitos deles veem a vida civil como uma chance de alcan\u00e7ar um desenvolvimento mais r\u00e1pido e satisfat\u00f3rio, com oportunidades que possibilitem um crescimento profissional mais din\u00e2mico.\n<\/p>\n<p>As institui\u00e7\u00f5es respons\u00e1veis devem reavaliar as condi\u00e7\u00f5es de servi\u00e7o e as perspectivas de carreira oferecidas. \u00c9 vital criar um ambiente que valorize e recompense o trabalho dos sargentos. Portanto, \u00e9 essencial que essa quest\u00e3o seja discutida em n\u00edvel estrat\u00e9gico para garantir que os profissionais se sintam motivados a permanecer na carreira militar.\n<\/p>\n<p>Essas decis\u00f5es t\u00eam um impacto significativo na for\u00e7a e na estrutura das escolas e institui\u00e7\u00f5es militares. Entender as raz\u00f5es por tr\u00e1s dessas sa\u00eddas \u00e9 crucial para desenvolver solu\u00e7\u00f5es que possam manter os talentos e a experi\u00eancia dentro da for\u00e7a. Trabalhar pela melhoria das condi\u00e7\u00f5es e oportunidades \u00e9 fundamental para reter os sargentos e garantir um futuro promissor para a carreira militar.\n<\/p>\n<p>Fonte: Sociedade Militar              <\/p>\n<\/div>\n<p>                        <!-- Scripts para conteudo --><\/p>\n<p>            <!-- .\/Scripts para conteudo --><br \/>\n            <!-- .\/Mat\u00e9ria --><\/p>\n<div class=\"row mt-3\">\n<div class=\"col-sm-6\">\n                <!-- Whatsapp channel 3--><br \/>\n                <a href=\"https:\/\/chat.whatsapp.com\/B8Qy6Erx4kb6yTzj3kaDco\" target=\"_blank\"><br \/>\n                  <img decoding=\"async\" src=\"https:\/\/diariodobrasilnoticias.com.br\/assets-site\/images\/bot_whatsapp.png\"\/><\/a>\n              <\/div>\n<div class=\"col-sm-6\">\n                <a href=\"https:\/\/t.me\/+_4gTmi5LKo03OTM5\" target=\"_blank\"><br \/>\n                  <img decoding=\"async\" src=\"https:\/\/diariodobrasilnoticias.com.br\/assets-site\/images\/bot_telegram.png\"\/><\/a>\n              <\/div>\n<\/p><\/div>\n<p>            <!-- end post-navigation --><\/p>\n<p>              <!-- end row --><\/p>\n<p>              <!-- end col-12-->\n                      <\/div>\n<p><br \/>\n<br \/><a href=\"https:\/\/diariodobrasilnoticias.com.br\/noticia\/desistencia-em-massa-no-exercito-brasileiro-trinta-e-seis-sargentos-abandonam-suas-funcoes-simultaneamente-6792459a497ab\">Source link <\/a><\/p>","protected":false},"excerpt":{"rendered":"<p>(Divulga\u00e7\u00e3o) Somente nesta sexta-feira (17), trinta e seis sargentos deixaram a institui\u00e7\u00e3o do Ex\u00e9rcito, segundo o aditamento da Diretoria de Controle de Efetivo e Movimenta\u00e7\u00f5es (site Montedo) (DECEM). Destes, quatro&hellip;<\/p>","protected":false},"author":1,"featured_media":94947,"comment_status":"closed","ping_status":"open","sticky":false,"template":"","format":"standard","meta":{"content-type":"","footnotes":""},"categories":[16],"tags":[123,2448,5313,1267],"class_list":["post-94946","post","type-post","status-publish","format-standard","has-post-thumbnail","hentry","category-noticias","tag-brasil","tag-diario","tag-noticia","tag-noticias"],"_links":{"self":[{"href":"https:\/\/tvbrazilusa.com\/pt\/wp-json\/wp\/v2\/posts\/94946","targetHints":{"allow":["GET"]}}],"collection":[{"href":"https:\/\/tvbrazilusa.com\/pt\/wp-json\/wp\/v2\/posts"}],"about":[{"href":"https:\/\/tvbrazilusa.com\/pt\/wp-json\/wp\/v2\/types\/post"}],"author":[{"embeddable":true,"href":"https:\/\/tvbrazilusa.com\/pt\/wp-json\/wp\/v2\/users\/1"}],"replies":[{"embeddable":true,"href":"https:\/\/tvbrazilusa.com\/pt\/wp-json\/wp\/v2\/comments?post=94946"}],"version-history":[{"count":1,"href":"https:\/\/tvbrazilusa.com\/pt\/wp-json\/wp\/v2\/posts\/94946\/revisions"}],"predecessor-version":[{"id":94948,"href":"https:\/\/tvbrazilusa.com\/pt\/wp-json\/wp\/v2\/posts\/94946\/revisions\/94948"}],"wp:featuredmedia":[{"embeddable":true,"href":"https:\/\/tvbrazilusa.com\/pt\/wp-json\/wp\/v2\/media\/94947"}],"wp:attachment":[{"href":"https:\/\/tvbrazilusa.com\/pt\/wp-json\/wp\/v2\/media?parent=94946"}],"wp:term":[{"taxonomy":"category","embeddable":true,"href":"https:\/\/tvbrazilusa.com\/pt\/wp-json\/wp\/v2\/categories?post=94946"},{"taxonomy":"post_tag","embeddable":true,"href":"https:\/\/tvbrazilusa.com\/pt\/wp-json\/wp\/v2\/tags?post=94946"}],"curies":[{"name":"wp","href":"https:\/\/api.w.org\/{rel}","templated":true}]}}