{"id":95071,"date":"2025-01-23T21:13:37","date_gmt":"2025-01-23T21:13:37","guid":{"rendered":"https:\/\/tvbrazilusa.com\/2025\/01\/23\/urgente-o-ex-presidente-jair-bolsonaro-admitiu-a-possibilidade-de-colocar-sua-esposa-michelle-bolsonaro-como-cabeca-de-chapa-nas-eleicoes-presidenciais-de-2026-e-ser-nomeado-ministro-da-casa-civil\/"},"modified":"2025-01-23T21:13:38","modified_gmt":"2025-01-23T21:13:38","slug":"urgente-o-ex-presidente-jair-bolsonaro-admitiu-a-possibilidade-de-colocar-sua-esposa-michelle-bolsonaro-como-cabeca-de-chapa-nas-eleicoes-presidenciais-de-2026-e-ser-nomeado-ministro-da-casa-civil","status":"publish","type":"post","link":"https:\/\/tvbrazilusa.com\/pt\/2025\/01\/23\/urgente-o-ex-presidente-jair-bolsonaro-admitiu-a-possibilidade-de-colocar-sua-esposa-michelle-bolsonaro-como-cabeca-de-chapa-nas-eleicoes-presidenciais-de-2026-e-ser-nomeado-ministro-da-casa-civil\/","title":{"rendered":"URGENTE: O ex-presidente Jair Bolsonaro admitiu a possibilidade de colocar sua esposa, Michelle Bolsonaro, como cabe\u00e7a de chapa nas elei\u00e7\u00f5es presidenciais de 2026 e ser nomeado ministro da Casa Civil caso ela ven\u00e7a a disputa; VEJA V\u00cdDEO"},"content":{"rendered":"<p> <script async src=\"https:\/\/pagead2.googlesyndication.com\/pagead\/js\/adsbygoogle.js?client=ca-pub-8864793242727901\"\r\n     crossorigin=\"anonymous\"><\/script><br \/>\n<\/p>\n<div id=\"taboola-read-more\" style=\"display:block; width:100%\">\n<p>O ex-presidente Jair Bolsonaro (PL) admitiu a possibilidade de sua esposa, Michelle Bolsonaro, ser candidata \u00e0 Presid\u00eancia nas elei\u00e7\u00f5es de 2026, com ele pr\u00f3prio assumindo o cargo de ministro da Casa Civil caso ela ven\u00e7a. Essa estrat\u00e9gia visa manter a influ\u00eancia bolsonarista na pol\u00edtica brasileira, apesar da inelegibilidade de Bolsonaro at\u00e9 2030. A ideia tem gerado discuss\u00e3o sobre a continuidade de suas pol\u00edticas e a capacidade de Michelle de liderar o pa\u00eds, explorando seu apelo entre evang\u00e9licos e mulheres conservadoras.\n<\/p>\n<p><strong>ASSISTA:<\/strong><\/p>\n<blockquote class=\"twitter-tweet\" data-media-max-width=\"560\">\n<p dir=\"ltr\" lang=\"pt\">O ex-presidente Jair Bolsonaro (PL) admitiu a possibilidade de colocar sua esposa, Michelle Bolsonaro, como cabe\u00e7a de chapa nas elei\u00e7\u00f5es presidenciais de 2026 e ser nomeado ministro da Casa Civil caso ela ven\u00e7a a disputa. <a href=\"https:\/\/twitter.com\/hashtag\/CNNBrasil360?src=hash&#038;ref_src=twsrc%5Etfw\">#CNNBrasil360<\/a> <a href=\"https:\/\/t.co\/QfaLo3AmhV\">pic.twitter.com\/QfaLo3AmhV<\/a><br \/>\n\u2014 CNN Brasil (@CNNBrasil) <a href=\"https:\/\/twitter.com\/CNNBrasil\/status\/1882501618765074442?ref_src=twsrc%5Etfw\">January 23, 2025<\/a><\/p>\n<\/blockquote>\n<\/div>\n<p><script async src=\"\/\/platform.twitter.com\/widgets.js\" charset=\"utf-8\"><\/script><br \/>\n<br \/><br \/>\n<br \/><a href=\"https:\/\/diariodobrasilnoticias.com.br\/noticia\/urgente-o-ex-presidente-jair-bolsonaro-admitiu-a-possibilidade-de-colocar-sua-esposa-michelle-bolsonaro-como-cabeca-de-chapa-nas-eleicoes-presidenciais-de-2026-e-ser-nomeado-ministro-da-casa-civil-caso-ela-venca-a-disputa-veja-video-679299dfcec98\">Source link <\/a><\/p>","protected":false},"excerpt":{"rendered":"<p>O ex-presidente Jair Bolsonaro (PL) admitiu a possibilidade de sua esposa, Michelle Bolsonaro, ser candidata \u00e0 Presid\u00eancia nas elei\u00e7\u00f5es de 2026, com ele pr\u00f3prio assumindo o cargo de ministro da&hellip;<\/p>","protected":false},"author":1,"featured_media":95072,"comment_status":"closed","ping_status":"open","sticky":false,"template":"","format":"standard","meta":{"content-type":"","footnotes":""},"categories":[16],"tags":[123,2448,5313,1267],"class_list":["post-95071","post","type-post","status-publish","format-standard","has-post-thumbnail","hentry","category-noticias","tag-brasil","tag-diario","tag-noticia","tag-noticias"],"_links":{"self":[{"href":"https:\/\/tvbrazilusa.com\/pt\/wp-json\/wp\/v2\/posts\/95071","targetHints":{"allow":["GET"]}}],"collection":[{"href":"https:\/\/tvbrazilusa.com\/pt\/wp-json\/wp\/v2\/posts"}],"about":[{"href":"https:\/\/tvbrazilusa.com\/pt\/wp-json\/wp\/v2\/types\/post"}],"author":[{"embeddable":true,"href":"https:\/\/tvbrazilusa.com\/pt\/wp-json\/wp\/v2\/users\/1"}],"replies":[{"embeddable":true,"href":"https:\/\/tvbrazilusa.com\/pt\/wp-json\/wp\/v2\/comments?post=95071"}],"version-history":[{"count":1,"href":"https:\/\/tvbrazilusa.com\/pt\/wp-json\/wp\/v2\/posts\/95071\/revisions"}],"predecessor-version":[{"id":95073,"href":"https:\/\/tvbrazilusa.com\/pt\/wp-json\/wp\/v2\/posts\/95071\/revisions\/95073"}],"wp:featuredmedia":[{"embeddable":true,"href":"https:\/\/tvbrazilusa.com\/pt\/wp-json\/wp\/v2\/media\/95072"}],"wp:attachment":[{"href":"https:\/\/tvbrazilusa.com\/pt\/wp-json\/wp\/v2\/media?parent=95071"}],"wp:term":[{"taxonomy":"category","embeddable":true,"href":"https:\/\/tvbrazilusa.com\/pt\/wp-json\/wp\/v2\/categories?post=95071"},{"taxonomy":"post_tag","embeddable":true,"href":"https:\/\/tvbrazilusa.com\/pt\/wp-json\/wp\/v2\/tags?post=95071"}],"curies":[{"name":"wp","href":"https:\/\/api.w.org\/{rel}","templated":true}]}}