{"id":95077,"date":"2025-01-23T21:25:54","date_gmt":"2025-01-23T21:25:54","guid":{"rendered":"https:\/\/tvbrazilusa.com\/2025\/01\/23\/apos-o-monitoramento-do-pix-a-aprovacao-do-governo-cai-drasticamente-e-lula-perde-o-apoio-dos-mais-pobres-e-do-nordeste\/"},"modified":"2025-01-23T21:25:56","modified_gmt":"2025-01-23T21:25:56","slug":"apos-o-monitoramento-do-pix-a-aprovacao-do-governo-cai-drasticamente-e-lula-perde-o-apoio-dos-mais-pobres-e-do-nordeste","status":"publish","type":"post","link":"https:\/\/tvbrazilusa.com\/pt\/2025\/01\/23\/apos-o-monitoramento-do-pix-a-aprovacao-do-governo-cai-drasticamente-e-lula-perde-o-apoio-dos-mais-pobres-e-do-nordeste\/","title":{"rendered":"Ap\u00f3s o &#8216;monitoramento do PIX&#8217;, a aprova\u00e7\u00e3o do governo cai drasticamente, e Lula perde o apoio dos mais pobres e do Nordeste"},"content":{"rendered":"<p> <script async src=\"https:\/\/pagead2.googlesyndication.com\/pagead\/js\/adsbygoogle.js?client=ca-pub-8864793242727901\"\r\n     crossorigin=\"anonymous\"><\/script><br \/>\n<\/p>\n<div id=\"taboola-read-more\" style=\"display:block; width:100%\">\n<p>Uma pesquisa presencial e nacional realizada neste m\u00eas de janeiro, conforme reportagem do UOL, revela uma queda hist\u00f3rica na popularidade do presidente Luiz In\u00e1cio Lula da Silva (PT) no in\u00edcio de seu terceiro mandato. O levantamento apontou que a aprova\u00e7\u00e3o do governo perdeu cinco pontos percentuais desde dezembro, resultando em um saldo negativo in\u00e9dito para o l\u00edder petista.\n<\/p>\n<p>Os cinco pontos perdidos entre os que avaliavam positivamente o governo n\u00e3o migraram para os que consideram a gest\u00e3o regular. Pelo contr\u00e1rio, eles engrossaram o \u00edndice de rejei\u00e7\u00e3o, disparando por completo a avalia\u00e7\u00e3o de rejei\u00e7\u00e3o. Isso gerou um saldo negativo de dez pontos, colocando Lula em uma situa\u00e7\u00e3o de decl\u00ednio: pela primeira vez desde sua posse em 2003, h\u00e1 mais brasileiros considerando seu governo ruim ou p\u00e9ssimo do que \u00f3timo ou bom.<\/p>\n<p>Nem mesmo no auge da crise do mensal\u00e3o, em 2005, Lula havia enfrentado um cen\u00e1rio t\u00e3o adverso. Naquele momento, sua popularidade negativa chegou a superar a positiva por tr\u00eas pontos, mas dentro da margem de erro. Agora, a diferen\u00e7a est\u00e1 consolidada fora desse intervalo, marcando um fato in\u00e9dito nos dez anos de Lula no poder.\n<\/p>\n<p>O dado mais alarmante da pesquisa \u00e9 que a queda de popularidade foi expressiva entre os principais pilares do eleitorado de Lula:\n<\/p>\n<p>Mais pobres;<br \/>\u2022 Menos escolarizados;<br \/>\u2022 Moradores do Nordeste.\n<\/p>\n<p>Esses segmentos, conforme o TSE, que foram cruciais para sua vit\u00f3ria contra Jair Bolsonaro em 2022, apresentaram as maiores redu\u00e7\u00f5es na aprova\u00e7\u00e3o, expondo rachaduras na base mais fiel do presidente.\n<\/p>\n<p>Um dos principais acontecimentos pol\u00edticos recentes foi a repercuss\u00e3o da proposta de monitoramento de transa\u00e7\u00f5es de baixo valor no Pix, anunciada pela Receita Federal. O movimento gerou forte rejei\u00e7\u00e3o nas redes sociais e foi amplificado por v\u00eddeos de figuras como o deputado Nikolas Ferreira (PL-MG), cujo conte\u00fado viralizou a ponto de alcan\u00e7ar n\u00fameros superiores \u00e0 popula\u00e7\u00e3o brasileira. A resposta tardia e confusa do governo intensificou o desgaste.\n<\/p>\n<p>Lula ainda possui um \u00edndice de apoio um pouco superior ao de Dilma Rousseff em seu segundo mandato, mas a tend\u00eancia \u00e9 de decl\u00ednio ainda maior em breve.\n<\/p>\n<p>Fonte: Conex\u00e3o Pol\u00edtica              <\/p>\n<\/div>\n<p><br \/>\n<br \/><a href=\"https:\/\/diariodobrasilnoticias.com.br\/noticia\/apos-o-monitoramento-do-pix-a-aprovacao-do-governo-cai-drasticamente-e-lula-perde-o-apoio-dos-mais-pobres-e-do-nordeste-67929d70cc76e\">Source link <\/a><\/p>","protected":false},"excerpt":{"rendered":"<p>Uma pesquisa presencial e nacional realizada neste m\u00eas de janeiro, conforme reportagem do UOL, revela uma queda hist\u00f3rica na popularidade do presidente Luiz In\u00e1cio Lula da Silva (PT) no in\u00edcio&hellip;<\/p>","protected":false},"author":1,"featured_media":95078,"comment_status":"closed","ping_status":"open","sticky":false,"template":"","format":"standard","meta":{"content-type":"","footnotes":""},"categories":[16],"tags":[123,2448,5313,1267],"class_list":["post-95077","post","type-post","status-publish","format-standard","has-post-thumbnail","hentry","category-noticias","tag-brasil","tag-diario","tag-noticia","tag-noticias"],"_links":{"self":[{"href":"https:\/\/tvbrazilusa.com\/pt\/wp-json\/wp\/v2\/posts\/95077","targetHints":{"allow":["GET"]}}],"collection":[{"href":"https:\/\/tvbrazilusa.com\/pt\/wp-json\/wp\/v2\/posts"}],"about":[{"href":"https:\/\/tvbrazilusa.com\/pt\/wp-json\/wp\/v2\/types\/post"}],"author":[{"embeddable":true,"href":"https:\/\/tvbrazilusa.com\/pt\/wp-json\/wp\/v2\/users\/1"}],"replies":[{"embeddable":true,"href":"https:\/\/tvbrazilusa.com\/pt\/wp-json\/wp\/v2\/comments?post=95077"}],"version-history":[{"count":1,"href":"https:\/\/tvbrazilusa.com\/pt\/wp-json\/wp\/v2\/posts\/95077\/revisions"}],"predecessor-version":[{"id":95079,"href":"https:\/\/tvbrazilusa.com\/pt\/wp-json\/wp\/v2\/posts\/95077\/revisions\/95079"}],"wp:featuredmedia":[{"embeddable":true,"href":"https:\/\/tvbrazilusa.com\/pt\/wp-json\/wp\/v2\/media\/95078"}],"wp:attachment":[{"href":"https:\/\/tvbrazilusa.com\/pt\/wp-json\/wp\/v2\/media?parent=95077"}],"wp:term":[{"taxonomy":"category","embeddable":true,"href":"https:\/\/tvbrazilusa.com\/pt\/wp-json\/wp\/v2\/categories?post=95077"},{"taxonomy":"post_tag","embeddable":true,"href":"https:\/\/tvbrazilusa.com\/pt\/wp-json\/wp\/v2\/tags?post=95077"}],"curies":[{"name":"wp","href":"https:\/\/api.w.org\/{rel}","templated":true}]}}