{"id":95086,"date":"2025-01-23T21:59:56","date_gmt":"2025-01-23T21:59:56","guid":{"rendered":"https:\/\/tvbrazilusa.com\/2025\/01\/23\/bolsonaro-diz-que-tem-que-se-controlar-sobre-marcal-almejar-a-presidencia\/"},"modified":"2025-01-23T21:59:57","modified_gmt":"2025-01-23T21:59:57","slug":"bolsonaro-diz-que-tem-que-se-controlar-sobre-marcal-almejar-a-presidencia","status":"publish","type":"post","link":"https:\/\/tvbrazilusa.com\/pt\/2025\/01\/23\/bolsonaro-diz-que-tem-que-se-controlar-sobre-marcal-almejar-a-presidencia\/","title":{"rendered":"Bolsonaro diz que &#8216;tem que se controlar&#8217; sobre Mar\u00e7al almejar a Presid\u00eancia"},"content":{"rendered":"<p> <script async src=\"https:\/\/pagead2.googlesyndication.com\/pagead\/js\/adsbygoogle.js?client=ca-pub-8864793242727901\"\r\n     crossorigin=\"anonymous\"><\/script><br \/>\n<\/p>\n<div id=\"taboola-read-more\" style=\"display:block; width:100%\">\n<p>Faltam aproximadamente dois anos para a pr\u00f3xima elei\u00e7\u00e3o presidencial, prevista para ocorrer no fim de 2026. Com a inelegibilidade do ex-presidente Jair Bolsonaro (PL), a direita come\u00e7a a se movimentar na disputa pela cadeira da Presid\u00eancia.\n<\/p>\n<p>Um nome pol\u00eamico no debate eleitoral \u00e9 o do empres\u00e1rio Pablo Mar\u00e7al (PRTB), que j\u00e1 se colocou na disputa, afirmando que concorrer\u00e1 ao cargo pelo PRTB, mesmo partido pelo qual concorreu \u00e0 Prefeitura de S\u00e3o Paulo em 2024.<\/p>\n<p>Mar\u00e7al e Bolsonaro costumavam ser pr\u00f3ximos antes da elei\u00e7\u00e3o municipal, j\u00e1 que o empres\u00e1rio chegou a apoiar publicamente o ex-presidente em 2022. No entanto, a rela\u00e7\u00e3o dos dois estremeceu quando Bolsonaro decidiu por apoiar Ricardo Nunes (MDB), candidato reeleito na capital paulista.\n<\/p>\n<p>Em entrevista exclusiva \u00e0 CNN nesta quinta-feira (23), Bolsonaro comentou sobre os nomes que come\u00e7am a surgir para 2026. Ao ser questionado sobre a possibilidade de Pablo Mar\u00e7al se candidatar, Bolsonaro afirmou: \u201ceu evito conversar sobre esse cara\u201d.\n<\/p>\n<p>\u201c\u00c9 carta fora do baralho. [\u2026] Tem um baita de um potencial, mas ele tem que se controlar\u201d, disse o ex-presidente.\n<\/p>\n<p>Fonte: CNN Brasil              <\/p>\n<\/div>\n<p><br \/>\n<br \/><a href=\"https:\/\/diariodobrasilnoticias.com.br\/noticia\/bolsonaro-diz-que-tem-que-se-controlar-sobre-marcal-almejar-a-presidencia-67929fc63a95d\">Source link <\/a><\/p>","protected":false},"excerpt":{"rendered":"<p>Faltam aproximadamente dois anos para a pr\u00f3xima elei\u00e7\u00e3o presidencial, prevista para ocorrer no fim de 2026. Com a inelegibilidade do ex-presidente Jair Bolsonaro (PL), a direita come\u00e7a a se movimentar&hellip;<\/p>","protected":false},"author":1,"featured_media":95087,"comment_status":"closed","ping_status":"open","sticky":false,"template":"","format":"standard","meta":{"content-type":"","footnotes":""},"categories":[16],"tags":[123,2448,5313,1267],"class_list":["post-95086","post","type-post","status-publish","format-standard","has-post-thumbnail","hentry","category-noticias","tag-brasil","tag-diario","tag-noticia","tag-noticias"],"_links":{"self":[{"href":"https:\/\/tvbrazilusa.com\/pt\/wp-json\/wp\/v2\/posts\/95086","targetHints":{"allow":["GET"]}}],"collection":[{"href":"https:\/\/tvbrazilusa.com\/pt\/wp-json\/wp\/v2\/posts"}],"about":[{"href":"https:\/\/tvbrazilusa.com\/pt\/wp-json\/wp\/v2\/types\/post"}],"author":[{"embeddable":true,"href":"https:\/\/tvbrazilusa.com\/pt\/wp-json\/wp\/v2\/users\/1"}],"replies":[{"embeddable":true,"href":"https:\/\/tvbrazilusa.com\/pt\/wp-json\/wp\/v2\/comments?post=95086"}],"version-history":[{"count":1,"href":"https:\/\/tvbrazilusa.com\/pt\/wp-json\/wp\/v2\/posts\/95086\/revisions"}],"predecessor-version":[{"id":95088,"href":"https:\/\/tvbrazilusa.com\/pt\/wp-json\/wp\/v2\/posts\/95086\/revisions\/95088"}],"wp:featuredmedia":[{"embeddable":true,"href":"https:\/\/tvbrazilusa.com\/pt\/wp-json\/wp\/v2\/media\/95087"}],"wp:attachment":[{"href":"https:\/\/tvbrazilusa.com\/pt\/wp-json\/wp\/v2\/media?parent=95086"}],"wp:term":[{"taxonomy":"category","embeddable":true,"href":"https:\/\/tvbrazilusa.com\/pt\/wp-json\/wp\/v2\/categories?post=95086"},{"taxonomy":"post_tag","embeddable":true,"href":"https:\/\/tvbrazilusa.com\/pt\/wp-json\/wp\/v2\/tags?post=95086"}],"curies":[{"name":"wp","href":"https:\/\/api.w.org\/{rel}","templated":true}]}}