{"id":95095,"date":"2025-01-23T22:15:27","date_gmt":"2025-01-23T22:15:27","guid":{"rendered":"https:\/\/tvbrazilusa.com\/2025\/01\/23\/musa-dos-anos-90-regininha-poltergeist-pede-doacao-de-fogao-para-vender-empadas-na-rua\/"},"modified":"2025-01-23T22:15:31","modified_gmt":"2025-01-23T22:15:31","slug":"musa-dos-anos-90-regininha-poltergeist-pede-doacao-de-fogao-para-vender-empadas-na-rua","status":"publish","type":"post","link":"https:\/\/tvbrazilusa.com\/pt\/2025\/01\/23\/musa-dos-anos-90-regininha-poltergeist-pede-doacao-de-fogao-para-vender-empadas-na-rua\/","title":{"rendered":"Musa dos anos 90, Regininha Poltergeist pede doa\u00e7\u00e3o de fog\u00e3o para vender empadas na rua"},"content":{"rendered":"<p> <script async src=\"https:\/\/pagead2.googlesyndication.com\/pagead\/js\/adsbygoogle.js?client=ca-pub-8864793242727901\"\r\n     crossorigin=\"anonymous\"><\/script><br \/>\n<\/p>\n<div id=\"taboola-read-more\" style=\"display:block; width:100%\">\n<p>Musa dos anos 90, Regininha Poltergeist, de 54 anos, usou as redes sociais para pedir a doa\u00e7\u00e3o de um fog\u00e3o. Desde o fim do ano passado, ela est\u00e1 vendendo empadas na Rua Dias da Cruz, pr\u00f3ximo \u00e0 casa onde vive no bairro do M\u00e9ier, na Zona Norte do Rio, e precisa do eletrodom\u00e9stico para cozinhar.\n<\/p>\n<p>&#8220;Quem vai me aben\u00e7oar com um fog\u00e3o novo?&#8221;, postou ela nos stories do Instagram.<\/p>\n<p>Com dificuldades financeiras, ela tamb\u00e9m est\u00e1 sem televis\u00e3o e m\u00e1quina de lavar em casa e batalha para conseguir dinheiro e comprar uma nova.\n<\/p>\n<p>Em agosto do ano passado, Regininha chegou a ficar dez dias internada para tratamento psiqui\u00e1trico. Ela passou pelo Instituto Municipal Philippe Pinel, em Botafogo, e depois foi transferida o CAPS II Clarice Lispector, no bairro do Encantado, ao ser diagnosticada com transtorno psic\u00f3tico.\n<\/p>\n<\/p>\n<p style=\"text-align: center;\"><em>Foto: Instagram<\/em>\n<\/p>\n<p>Bailarina com forma\u00e7\u00e3o no Theatro Municipal do Rio, Regininha Poltergeist estudou bal\u00e9 cl\u00e1ssico por mais de uma d\u00e9cada e atuou como professora. Depois de participar de um concurso de beleza, acabou sendo catapultada para o mundo art\u00edstico.\n<\/p>\n<p>O apelido que a fez famosa foi dado por Fausto Fawcett, que fazia um c\u00e9lebre show chamado &#8220;B\u00e1sico Instinto&#8221;, com outras loiras, como Marinara Costa e Katia Bronstein, sendo um dos maiores sucessos do in\u00edcio dos anos 1990. Com a repercuss\u00e3o, Regininha acabou estampando v\u00e1rias capas da revistas masculinas, incluindo a &#8220;Playboy&#8221;.\n<\/p>\n<p>Fonte: Extra              <\/p>\n<\/div>\n<p><br \/>\n<br \/><a href=\"https:\/\/diariodobrasilnoticias.com.br\/noticia\/musa-dos-anos-90-regininha-poltergeist-pede-doacao-de-fogao-para-vender-empadas-na-rua-6792a2cb637d5\">Source link <\/a><\/p>","protected":false},"excerpt":{"rendered":"<p>Musa dos anos 90, Regininha Poltergeist, de 54 anos, usou as redes sociais para pedir a doa\u00e7\u00e3o de um fog\u00e3o. Desde o fim do ano passado, ela est\u00e1 vendendo empadas&hellip;<\/p>","protected":false},"author":1,"featured_media":95096,"comment_status":"closed","ping_status":"open","sticky":false,"template":"","format":"standard","meta":{"content-type":"","footnotes":""},"categories":[16],"tags":[123,2448,5313,1267],"class_list":["post-95095","post","type-post","status-publish","format-standard","has-post-thumbnail","hentry","category-noticias","tag-brasil","tag-diario","tag-noticia","tag-noticias"],"_links":{"self":[{"href":"https:\/\/tvbrazilusa.com\/pt\/wp-json\/wp\/v2\/posts\/95095","targetHints":{"allow":["GET"]}}],"collection":[{"href":"https:\/\/tvbrazilusa.com\/pt\/wp-json\/wp\/v2\/posts"}],"about":[{"href":"https:\/\/tvbrazilusa.com\/pt\/wp-json\/wp\/v2\/types\/post"}],"author":[{"embeddable":true,"href":"https:\/\/tvbrazilusa.com\/pt\/wp-json\/wp\/v2\/users\/1"}],"replies":[{"embeddable":true,"href":"https:\/\/tvbrazilusa.com\/pt\/wp-json\/wp\/v2\/comments?post=95095"}],"version-history":[{"count":1,"href":"https:\/\/tvbrazilusa.com\/pt\/wp-json\/wp\/v2\/posts\/95095\/revisions"}],"predecessor-version":[{"id":95097,"href":"https:\/\/tvbrazilusa.com\/pt\/wp-json\/wp\/v2\/posts\/95095\/revisions\/95097"}],"wp:featuredmedia":[{"embeddable":true,"href":"https:\/\/tvbrazilusa.com\/pt\/wp-json\/wp\/v2\/media\/95096"}],"wp:attachment":[{"href":"https:\/\/tvbrazilusa.com\/pt\/wp-json\/wp\/v2\/media?parent=95095"}],"wp:term":[{"taxonomy":"category","embeddable":true,"href":"https:\/\/tvbrazilusa.com\/pt\/wp-json\/wp\/v2\/categories?post=95095"},{"taxonomy":"post_tag","embeddable":true,"href":"https:\/\/tvbrazilusa.com\/pt\/wp-json\/wp\/v2\/tags?post=95095"}],"curies":[{"name":"wp","href":"https:\/\/api.w.org\/{rel}","templated":true}]}}