{"id":95170,"date":"2025-01-24T02:09:11","date_gmt":"2025-01-24T02:09:11","guid":{"rendered":"https:\/\/tvbrazilusa.com\/2025\/01\/24\/agora-luan-santana-e-internado-as-pressas-e-submetido-a-exames-em-hospital-de-sp-diz-colunista\/"},"modified":"2025-01-24T02:09:12","modified_gmt":"2025-01-24T02:09:12","slug":"agora-luan-santana-e-internado-as-pressas-e-submetido-a-exames-em-hospital-de-sp-diz-colunista","status":"publish","type":"post","link":"https:\/\/tvbrazilusa.com\/pt\/2025\/01\/24\/agora-luan-santana-e-internado-as-pressas-e-submetido-a-exames-em-hospital-de-sp-diz-colunista\/","title":{"rendered":"AGORA: Luan Santana \u00e9 internado \u00e0s pressas e submetido a exames em hospital de SP, diz colunista"},"content":{"rendered":"<p> <script async src=\"https:\/\/pagead2.googlesyndication.com\/pagead\/js\/adsbygoogle.js?client=ca-pub-8864793242727901\"\r\n     crossorigin=\"anonymous\"><\/script><br \/>\n<\/p>\n<div id=\"taboola-read-more\" style=\"display:block; width:100%\">\n<p>O cantor Luan Santana, de 33 anos, precisou ser internado \u00e0s pressas ap\u00f3s sentir dores na regi\u00e3o da barriga. Conforme o portal Leo Dias, ele est\u00e1 com suspeita de infec\u00e7\u00e3o no ap\u00eandice e foi atendido em um hospital de Barueri, na regi\u00e3o metropolitana de S\u00e3o Paulo.\n<\/p>\n<p>Na unidade de sa\u00fade, o sertanejo passou por diversos exames, mas o quadro de sa\u00fade dele ainda n\u00e3o foi divulgado.<\/p>\n<p>A apendicite \u00e9 uma condi\u00e7\u00e3o que ocorre com a inflama\u00e7\u00e3o do ap\u00eandice, que pode ficar cheio de pus, causando dor. O inc\u00f4modo costuma come\u00e7ar perto do umbigo e se espalhar pelo lado direito. No caso de inflama\u00e7\u00e3o, a cirurgia pode ser recomendada.\n<\/p>\n<p>Mudan\u00e7as na carreira<br \/>Em 2025, Luan pretende desacelerar a agenda de shows, segundo apontou a revista Quem. A decis\u00e3o ocorre o cantor fazer 140 apresenta\u00e7\u00f5es em 2024.\n<\/p>\n<p>Al\u00e9m disso, em dezembro do ano passado, nasceu sua filha Serena, fruto do relacionamento com Jade Magalh\u00e3es. No dia do nascimento, dia 28 de dezembro, o sertanejo cancelou um show que faria em Balne\u00e1rio Cambori\u00fa para participar do trabalho de parto.\n<\/p>\n<p>Mesmo desacelerando esse ritmo de apresenta\u00e7\u00f5es, ele ainda planeja come\u00e7ar a carreira no cen\u00e1rio internacional, expandindo primeiramente aos Estados Unidos.\n<\/p>\n<p>Fonte: Di\u00e1rio Nordeste              <\/p>\n<\/div>\n<p><br \/>\n<br \/><a href=\"https:\/\/diariodobrasilnoticias.com.br\/noticia\/agora-luan-santana-e-internado-as-pressas-e-submetido-a-exames-em-hospital-de-sp-diz-colunista-6792cfb73d31f\">Source link <\/a><\/p>","protected":false},"excerpt":{"rendered":"<p>O cantor Luan Santana, de 33 anos, precisou ser internado \u00e0s pressas ap\u00f3s sentir dores na regi\u00e3o da barriga. Conforme o portal Leo Dias, ele est\u00e1 com suspeita de infec\u00e7\u00e3o&hellip;<\/p>","protected":false},"author":1,"featured_media":95171,"comment_status":"closed","ping_status":"open","sticky":false,"template":"","format":"standard","meta":{"content-type":"","footnotes":""},"categories":[16],"tags":[123,2448,5313,1267],"class_list":["post-95170","post","type-post","status-publish","format-standard","has-post-thumbnail","hentry","category-noticias","tag-brasil","tag-diario","tag-noticia","tag-noticias"],"_links":{"self":[{"href":"https:\/\/tvbrazilusa.com\/pt\/wp-json\/wp\/v2\/posts\/95170","targetHints":{"allow":["GET"]}}],"collection":[{"href":"https:\/\/tvbrazilusa.com\/pt\/wp-json\/wp\/v2\/posts"}],"about":[{"href":"https:\/\/tvbrazilusa.com\/pt\/wp-json\/wp\/v2\/types\/post"}],"author":[{"embeddable":true,"href":"https:\/\/tvbrazilusa.com\/pt\/wp-json\/wp\/v2\/users\/1"}],"replies":[{"embeddable":true,"href":"https:\/\/tvbrazilusa.com\/pt\/wp-json\/wp\/v2\/comments?post=95170"}],"version-history":[{"count":1,"href":"https:\/\/tvbrazilusa.com\/pt\/wp-json\/wp\/v2\/posts\/95170\/revisions"}],"predecessor-version":[{"id":95172,"href":"https:\/\/tvbrazilusa.com\/pt\/wp-json\/wp\/v2\/posts\/95170\/revisions\/95172"}],"wp:featuredmedia":[{"embeddable":true,"href":"https:\/\/tvbrazilusa.com\/pt\/wp-json\/wp\/v2\/media\/95171"}],"wp:attachment":[{"href":"https:\/\/tvbrazilusa.com\/pt\/wp-json\/wp\/v2\/media?parent=95170"}],"wp:term":[{"taxonomy":"category","embeddable":true,"href":"https:\/\/tvbrazilusa.com\/pt\/wp-json\/wp\/v2\/categories?post=95170"},{"taxonomy":"post_tag","embeddable":true,"href":"https:\/\/tvbrazilusa.com\/pt\/wp-json\/wp\/v2\/tags?post=95170"}],"curies":[{"name":"wp","href":"https:\/\/api.w.org\/{rel}","templated":true}]}}