{"id":95218,"date":"2025-01-24T10:09:08","date_gmt":"2025-01-24T10:09:08","guid":{"rendered":"https:\/\/tvbrazilusa.com\/2025\/01\/24\/waack-governo-lula-preocupado-com-seu-desgaste-politico-exige-uma-saida-para-frear-alta-dos-alimentos\/"},"modified":"2025-01-24T10:09:10","modified_gmt":"2025-01-24T10:09:10","slug":"waack-governo-lula-preocupado-com-seu-desgaste-politico-exige-uma-saida-para-frear-alta-dos-alimentos","status":"publish","type":"post","link":"https:\/\/tvbrazilusa.com\/pt\/2025\/01\/24\/waack-governo-lula-preocupado-com-seu-desgaste-politico-exige-uma-saida-para-frear-alta-dos-alimentos\/","title":{"rendered":"Waack: Governo Lula preocupado com seu desgaste pol\u00edtico exige uma sa\u00edda para frear alta dos alimentos"},"content":{"rendered":"<p> <script async src=\"https:\/\/pagead2.googlesyndication.com\/pagead\/js\/adsbygoogle.js?client=ca-pub-8864793242727901\"\r\n     crossorigin=\"anonymous\"><\/script><br \/>\n<\/p>\n<div id=\"taboola-read-more\" style=\"display:block; width:100%\">\n<p>Ganhou ar de emerg\u00eancia e at\u00e9 de raz\u00e3o de Estado a busca do governo Lula 3 por baixar os pre\u00e7os dos alimentos.\n<\/p>\n<p>Eles v\u00eam subindo mais do que a infla\u00e7\u00e3o \u2014 que estourou a meta \u2014 pelo menos desde a metade do ano passado.<\/p>\n<p>Com o agravante de que a infla\u00e7\u00e3o de alimentos tem proporcionalmente um impacto muito mais alto no or\u00e7amento dos mais pobres. E um efeito devastador na popularidade de governantes.\n<\/p>\n<p>O governo se encontra agora atarantado para entender o que aconteceu e para tentar consertar, ao menos um pouco, a desagrad\u00e1vel situa\u00e7\u00e3o.\n<\/p>\n<p>A subida dos pre\u00e7os dos alimentos tem v\u00e1rias causas envolvidas \u2014 entre elas fatores de mercado interno e externos, o custo Brasil e pol\u00edticas p\u00fablicas.\n<\/p>\n<p>Leia-se a quest\u00e3o fiscal: todo governo que \u00e9 contumaz em gastar mais do que arrecada acaba provocando infla\u00e7\u00e3o.\n<\/p>\n<p>Seria tudo ainda pior n\u00e3o fosse a revolu\u00e7\u00e3o agr\u00edcola brasileira, representada pelo extraordin\u00e1rio aumento de produtividade do agro. Mas ele, sozinho, n\u00e3o resolve.\n<\/p>\n<p>E Lula quer logo alguma coisa para anunciar que barateou a comida do brasileiro. Algo que gere um bom marketing pol\u00edtico. N\u00e3o est\u00e1 f\u00e1cil.\n<\/p>\n<p>As tais for\u00e7as de mercado continuam pressionando pre\u00e7os de carnes, caf\u00e9 e a\u00e7\u00facar. Ou seja, o governo n\u00e3o controla os pre\u00e7os das commodities agr\u00edcolas. Que dependem muito tamb\u00e9m das taxas de c\u00e2mbio.\n<\/p>\n<p>E oscilam para cima com a forte demanda ajudada pelo impulso da pol\u00edtica fiscal do Lula 3.\n<\/p>\n<p>Ela foi plantada l\u00e1 atr\u00e1s. Parte da colheita \u00e9 infla\u00e7\u00e3o, tamb\u00e9m de alimentos.<\/p>\n<p>Fonte: CNN              <\/p>\n<\/div>\n<p><br \/>\n<br \/><a href=\"https:\/\/diariodobrasilnoticias.com.br\/noticia\/waack-governo-lula-preocupado-com-seu-desgaste-politico-exige-uma-saida-para-frear-alta-dos-alimentos-679365d12a1f7\">Source link <\/a><\/p>","protected":false},"excerpt":{"rendered":"<p>Ganhou ar de emerg\u00eancia e at\u00e9 de raz\u00e3o de Estado a busca do governo Lula 3 por baixar os pre\u00e7os dos alimentos. Eles v\u00eam subindo mais do que a infla\u00e7\u00e3o&hellip;<\/p>","protected":false},"author":1,"featured_media":95219,"comment_status":"closed","ping_status":"open","sticky":false,"template":"","format":"standard","meta":{"content-type":"","footnotes":""},"categories":[16],"tags":[123,2448,5313,1267],"class_list":["post-95218","post","type-post","status-publish","format-standard","has-post-thumbnail","hentry","category-noticias","tag-brasil","tag-diario","tag-noticia","tag-noticias"],"_links":{"self":[{"href":"https:\/\/tvbrazilusa.com\/pt\/wp-json\/wp\/v2\/posts\/95218","targetHints":{"allow":["GET"]}}],"collection":[{"href":"https:\/\/tvbrazilusa.com\/pt\/wp-json\/wp\/v2\/posts"}],"about":[{"href":"https:\/\/tvbrazilusa.com\/pt\/wp-json\/wp\/v2\/types\/post"}],"author":[{"embeddable":true,"href":"https:\/\/tvbrazilusa.com\/pt\/wp-json\/wp\/v2\/users\/1"}],"replies":[{"embeddable":true,"href":"https:\/\/tvbrazilusa.com\/pt\/wp-json\/wp\/v2\/comments?post=95218"}],"version-history":[{"count":1,"href":"https:\/\/tvbrazilusa.com\/pt\/wp-json\/wp\/v2\/posts\/95218\/revisions"}],"predecessor-version":[{"id":95220,"href":"https:\/\/tvbrazilusa.com\/pt\/wp-json\/wp\/v2\/posts\/95218\/revisions\/95220"}],"wp:featuredmedia":[{"embeddable":true,"href":"https:\/\/tvbrazilusa.com\/pt\/wp-json\/wp\/v2\/media\/95219"}],"wp:attachment":[{"href":"https:\/\/tvbrazilusa.com\/pt\/wp-json\/wp\/v2\/media?parent=95218"}],"wp:term":[{"taxonomy":"category","embeddable":true,"href":"https:\/\/tvbrazilusa.com\/pt\/wp-json\/wp\/v2\/categories?post=95218"},{"taxonomy":"post_tag","embeddable":true,"href":"https:\/\/tvbrazilusa.com\/pt\/wp-json\/wp\/v2\/tags?post=95218"}],"curies":[{"name":"wp","href":"https:\/\/api.w.org\/{rel}","templated":true}]}}