{"id":95221,"date":"2025-01-24T10:19:35","date_gmt":"2025-01-24T10:19:35","guid":{"rendered":"https:\/\/tvbrazilusa.com\/2025\/01\/24\/apos-militares-da-venezuela-invadirem-territorio-brasileiro-sem-autorizacao-governo-brasileiro-minimiza-e-diz-esta-tudo-sob-controle\/"},"modified":"2025-01-24T10:19:37","modified_gmt":"2025-01-24T10:19:37","slug":"apos-militares-da-venezuela-invadirem-territorio-brasileiro-sem-autorizacao-governo-brasileiro-minimiza-e-diz-esta-tudo-sob-controle","status":"publish","type":"post","link":"https:\/\/tvbrazilusa.com\/pt\/2025\/01\/24\/apos-militares-da-venezuela-invadirem-territorio-brasileiro-sem-autorizacao-governo-brasileiro-minimiza-e-diz-esta-tudo-sob-controle\/","title":{"rendered":"Ap\u00f3s militares da Venezuela invadirem territ\u00f3rio brasileiro sem autoriza\u00e7\u00e3o, governo brasileiro minimiza e diz est\u00e1 tudo sob controle"},"content":{"rendered":"<p> <script async src=\"https:\/\/pagead2.googlesyndication.com\/pagead\/js\/adsbygoogle.js?client=ca-pub-8864793242727901\"\r\n     crossorigin=\"anonymous\"><\/script><br \/>\n<\/p>\n<div id=\"taboola-read-more\" style=\"display:block; width:100%\">\n<p>O ministro das Rela\u00e7\u00f5es Exteriores, Mauro Vieira, e o chanceler da Venezuela, Yv\u00e1n Gil, conversaram por telefone ap\u00f3s o governo de Nicol\u00e1s Maduro ter fechado a fronteira para uma s\u00e9rie de exerc\u00edcios militares na divisa com Pacaraima (RR), na quarta-feira (22).\n<\/p>\n<p>O treinamento foi feito sem um aviso pr\u00e9vio ao governo brasileiro, de acordo com relatos \u00e0 CNN. A praxe entre pa\u00edses vizinhos \u00e9 um comunicado diplom\u00e1tico em qualquer opera\u00e7\u00e3o na divisa entre os territ\u00f3rios.<\/p>\n<p>Segundo a CNN apurou, o chanceler brasileiro, em viagem a Ant\u00edgua e Barbuda, procurou o chanceler da Venezuela ainda na tarde de quarta-feira. Yv\u00e1n Gil prometeu averiguar o contexto do treinamento. Ainda n\u00e3o houve retorno.\n<\/p>\n<p>O Itamaraty tamb\u00e9m procurou diretamente a embaixada da Venezuela em Bras\u00edlia em busca de explica\u00e7\u00f5es.\n<\/p>\n<p>A diplomacia brasileira, por\u00e9m, tem evitado comentar o epis\u00f3dio at\u00e9 o esclarecimento total dos fatos considerados \u201cimportantes\u201d.\n<\/p>\n<p>Ao longo desta quinta-feira (23), integrantes do Minist\u00e9rio das Rela\u00e7\u00f5es Exteriores e da Defesa discutiram a possibilidade de divulgar uma nota, o que acabou n\u00e3o ocorrendo.\n<\/p>\n<p>V\u00eddeos mostram ve\u00edculos das for\u00e7as especiais da Venezuela fazendo um retorno na divisa entre os pa\u00edses. Militares que atuam na regi\u00e3o afirmam que a manobra em si n\u00e3o \u00e9 um problema, j\u00e1 que \u00e9 comum que ve\u00edculos dos dois pa\u00edses usem a \u00e1rea para fazer um retorno.\n<\/p>\n<p>O ponto central para o novo impasse, segundo fontes consultadas pela\u00a0<strong>CNN<\/strong>, \u00e9 justamente a falta de comunica\u00e7\u00e3o diplom\u00e1tica, o que pode indicar uma falta de confian\u00e7a entre os dois pa\u00edses e mais um sinal do endurecimento das rela\u00e7\u00f5es.\n<\/p>\n<p>Do ponto de vista militar, por\u00e9m, a c\u00fapula do Ex\u00e9rcito minimizou qualquer amea\u00e7a e trata o epis\u00f3dio como \u201cinsignificante\u201d, inclusive pelo baixo contingente das for\u00e7as em treinamento.\n<\/p>\n<div id=\"middle_4\" class=\"custom__ad__element\" data-google-query-id=\"CMOW3ISOjosDFZtPuAQd5vI2kg\">A avalia\u00e7\u00e3o entre militares \u00e9 que se trata de mais uma \u201cprovoca\u00e7\u00e3o\u201d de Maduro e uma \u201cbravata\u201d para inflamar o pr\u00f3prio p\u00fablico interno.<\/p>\n<p>O ministro da Defesa, Jos\u00e9 M\u00facio Monteiro, disse \u00e0 CNN que a situa\u00e7\u00e3o na fronteira do Brasil com a Venezuela est\u00e1 sob controle. \u201cAbsolutamente\u201d, garantiu.<\/p>\n<\/div>\n<div class=\"custom__ad__element\" data-google-query-id=\"CMOW3ISOjosDFZtPuAQd5vI2kg\">O presidente da Venezuela, na quarta-feira, afirmou que as For\u00e7as Armadas do pa\u00eds precisam treinar para conseguir reagir imediatamente diante de \u201cqualquer surpresa\u201d e \u201cquebrar os dentes\u201d de grupos que possam tentar entrar no seu territ\u00f3rio.<\/p>\n<p>A fala foi feita em discurso durante um exerc\u00edcio militar anual chamado \u201cEscudo Bolivariano\u201d, realizado em toda a Venezuela, o mesmo realizado na fronteira com o Brasil.<\/p>\n<p>O Brasil n\u00e3o reconheceu a vit\u00f3ria de Nicol\u00e1s Maduro, que tomou posse no \u00faltimo dia 10 de janeiro para seu terceiro mandato de seis anos. O governo Lula cobrou a divulga\u00e7\u00e3o das atas eleitorais, o que jamais foi apresentado.<\/p>\n<p>Aliados hist\u00f3ricos, Maduro tem feito cr\u00edticas \u00e0 diplomacia brasileira e, desde ent\u00e3o, as rela\u00e7\u00f5es est\u00e3o esfriadas.<\/p>\n<\/div>\n<p>\u00a0<\/p>\n<p>Fonte: CNN<\/p>\n<\/p><\/div>\n<p><br \/>\n<br \/><a href=\"https:\/\/diariodobrasilnoticias.com.br\/noticia\/apos-militares-da-venezuela-invadirem-territorio-brasileiro-sem-autorizacao-governo-brasileiro-minimiza-e-diz-esta-tudo-sob-controle-679366a8b8034\">Source link <\/a><\/p>","protected":false},"excerpt":{"rendered":"<p>O ministro das Rela\u00e7\u00f5es Exteriores, Mauro Vieira, e o chanceler da Venezuela, Yv\u00e1n Gil, conversaram por telefone ap\u00f3s o governo de Nicol\u00e1s Maduro ter fechado a fronteira para uma s\u00e9rie&hellip;<\/p>","protected":false},"author":1,"featured_media":95222,"comment_status":"closed","ping_status":"open","sticky":false,"template":"","format":"standard","meta":{"content-type":"","footnotes":""},"categories":[16],"tags":[123,2448,5313,1267],"class_list":["post-95221","post","type-post","status-publish","format-standard","has-post-thumbnail","hentry","category-noticias","tag-brasil","tag-diario","tag-noticia","tag-noticias"],"_links":{"self":[{"href":"https:\/\/tvbrazilusa.com\/pt\/wp-json\/wp\/v2\/posts\/95221","targetHints":{"allow":["GET"]}}],"collection":[{"href":"https:\/\/tvbrazilusa.com\/pt\/wp-json\/wp\/v2\/posts"}],"about":[{"href":"https:\/\/tvbrazilusa.com\/pt\/wp-json\/wp\/v2\/types\/post"}],"author":[{"embeddable":true,"href":"https:\/\/tvbrazilusa.com\/pt\/wp-json\/wp\/v2\/users\/1"}],"replies":[{"embeddable":true,"href":"https:\/\/tvbrazilusa.com\/pt\/wp-json\/wp\/v2\/comments?post=95221"}],"version-history":[{"count":1,"href":"https:\/\/tvbrazilusa.com\/pt\/wp-json\/wp\/v2\/posts\/95221\/revisions"}],"predecessor-version":[{"id":95223,"href":"https:\/\/tvbrazilusa.com\/pt\/wp-json\/wp\/v2\/posts\/95221\/revisions\/95223"}],"wp:featuredmedia":[{"embeddable":true,"href":"https:\/\/tvbrazilusa.com\/pt\/wp-json\/wp\/v2\/media\/95222"}],"wp:attachment":[{"href":"https:\/\/tvbrazilusa.com\/pt\/wp-json\/wp\/v2\/media?parent=95221"}],"wp:term":[{"taxonomy":"category","embeddable":true,"href":"https:\/\/tvbrazilusa.com\/pt\/wp-json\/wp\/v2\/categories?post=95221"},{"taxonomy":"post_tag","embeddable":true,"href":"https:\/\/tvbrazilusa.com\/pt\/wp-json\/wp\/v2\/tags?post=95221"}],"curies":[{"name":"wp","href":"https:\/\/api.w.org\/{rel}","templated":true}]}}