{"id":95224,"date":"2025-01-24T10:31:44","date_gmt":"2025-01-24T10:31:44","guid":{"rendered":"https:\/\/tvbrazilusa.com\/2025\/01\/24\/mae-denuncia-medico-por-assedio-sexual-durante-consulta-da-filha-autista\/"},"modified":"2025-01-24T10:31:45","modified_gmt":"2025-01-24T10:31:45","slug":"mae-denuncia-medico-por-assedio-sexual-durante-consulta-da-filha-autista","status":"publish","type":"post","link":"https:\/\/tvbrazilusa.com\/pt\/2025\/01\/24\/mae-denuncia-medico-por-assedio-sexual-durante-consulta-da-filha-autista\/","title":{"rendered":"M\u00e3e denuncia m\u00e9dico por ass\u00e9dio sexual durante consulta da filha autista"},"content":{"rendered":"<p> <script async src=\"https:\/\/pagead2.googlesyndication.com\/pagead\/js\/adsbygoogle.js?client=ca-pub-8864793242727901\"\r\n     crossorigin=\"anonymous\"><\/script><br \/>\n<\/p>\n<div id=\"taboola-read-more\" style=\"display:block; width:100%\">\n<p>Uma mulher denunciou um m\u00e9dico por supostos atos de ass\u00e9dio sexual praticados durante uma consulta com sua filha, que \u00e9 autista. O caso ocorreu em uma cl\u00ednica, e o suspeito foi preso em flagrante. Segundo o advogado da fam\u00edlia, Jorge Moura, o incidente come\u00e7ou com perguntas de cunho pessoal dirigidas \u00e0 m\u00e3e, seguidas de um pedido para que ela deixasse a filha com a av\u00f3, que aguardava do lado de fora da sala.\n<\/p>\n<p>\u201cFoi quando ele come\u00e7ou a consult\u00e1-la individualmente, dizendo que iria ajud\u00e1-la com um problema de dor de cabe\u00e7a que ela estava sentindo e, posteriormente, na coluna. Nesse momento, ele praticou atos de ass\u00e9dio sexual\u201d, afirmou Moura.<\/p>\n<p>A Assessoria de Comunica\u00e7\u00e3o do 2\u00ba BPM, em nota oficial, afirmando que, em resposta \u00e0 den\u00fancia, ambas as partes foram conduzidas \u00e0 delegacia para os devidos esclarecimentos. A identidade do m\u00e9dico e da v\u00edtima n\u00e3o foram divulgadas.\n<\/p>\n<p>Ap\u00f3s a pris\u00e3o em flagrante, o suspeito foi encaminhado \u00e0 Cadeia P\u00fablica, onde aguarda uma audi\u00eancia de cust\u00f3dia para decidir sobre a manuten\u00e7\u00e3o de sua pris\u00e3o. A justi\u00e7a tamb\u00e9m avaliar\u00e1 as medidas protetivas solicitadas pela fam\u00edlia para garantir a seguran\u00e7a da v\u00edtima.\n<\/p>\n<p>A investiga\u00e7\u00e3o segue sob responsabilidade da Pol\u00edcia Civil.\n<\/p>\n<p><strong>Nota \u00e0 Imprensa do 2\u00ba BPM<\/strong>:\n<\/p>\n<p>\u201cNa manh\u00e3 de hoje, a Pol\u00edcia Militar foi acionada para atender a uma den\u00fancia de importuna\u00e7\u00e3o sexual envolvendo uma paciente e um m\u00e9dico. A equipe policial se deslocou ao local, onde realizou o atendimento inicial. Para fins de esclarecimento dos fatos, ambas as partes envolvidas foram encaminhadas \u00e0 delegacia de pol\u00edcia. A ocorr\u00eancia segue em andamento.\u201d\n<\/p>\n<p>Com inforna\u00e7\u00f5es de Mossor\u00f3 News e Ponta Negra News              <\/p>\n<\/div>\n<p><br \/>\n<br \/><a href=\"https:\/\/diariodobrasilnoticias.com.br\/noticia\/mae-denuncia-medico-por-assedio-sexual-durante-consulta-da-filha-autista-679369871e952\">Source link <\/a><\/p>","protected":false},"excerpt":{"rendered":"<p>Uma mulher denunciou um m\u00e9dico por supostos atos de ass\u00e9dio sexual praticados durante uma consulta com sua filha, que \u00e9 autista. O caso ocorreu em uma cl\u00ednica, e o suspeito&hellip;<\/p>","protected":false},"author":1,"featured_media":95225,"comment_status":"closed","ping_status":"open","sticky":false,"template":"","format":"standard","meta":{"content-type":"","footnotes":""},"categories":[16],"tags":[123,2448,5313,1267],"class_list":["post-95224","post","type-post","status-publish","format-standard","has-post-thumbnail","hentry","category-noticias","tag-brasil","tag-diario","tag-noticia","tag-noticias"],"_links":{"self":[{"href":"https:\/\/tvbrazilusa.com\/pt\/wp-json\/wp\/v2\/posts\/95224","targetHints":{"allow":["GET"]}}],"collection":[{"href":"https:\/\/tvbrazilusa.com\/pt\/wp-json\/wp\/v2\/posts"}],"about":[{"href":"https:\/\/tvbrazilusa.com\/pt\/wp-json\/wp\/v2\/types\/post"}],"author":[{"embeddable":true,"href":"https:\/\/tvbrazilusa.com\/pt\/wp-json\/wp\/v2\/users\/1"}],"replies":[{"embeddable":true,"href":"https:\/\/tvbrazilusa.com\/pt\/wp-json\/wp\/v2\/comments?post=95224"}],"version-history":[{"count":1,"href":"https:\/\/tvbrazilusa.com\/pt\/wp-json\/wp\/v2\/posts\/95224\/revisions"}],"predecessor-version":[{"id":95226,"href":"https:\/\/tvbrazilusa.com\/pt\/wp-json\/wp\/v2\/posts\/95224\/revisions\/95226"}],"wp:featuredmedia":[{"embeddable":true,"href":"https:\/\/tvbrazilusa.com\/pt\/wp-json\/wp\/v2\/media\/95225"}],"wp:attachment":[{"href":"https:\/\/tvbrazilusa.com\/pt\/wp-json\/wp\/v2\/media?parent=95224"}],"wp:term":[{"taxonomy":"category","embeddable":true,"href":"https:\/\/tvbrazilusa.com\/pt\/wp-json\/wp\/v2\/categories?post=95224"},{"taxonomy":"post_tag","embeddable":true,"href":"https:\/\/tvbrazilusa.com\/pt\/wp-json\/wp\/v2\/tags?post=95224"}],"curies":[{"name":"wp","href":"https:\/\/api.w.org\/{rel}","templated":true}]}}