{"id":95356,"date":"2025-01-24T17:21:14","date_gmt":"2025-01-24T17:21:14","guid":{"rendered":"https:\/\/tvbrazilusa.com\/2025\/01\/24\/secretaria-informa-que-imigrantes-estao-sendo-deportados-dos-eua-em-avioes-militares\/"},"modified":"2025-01-24T17:21:16","modified_gmt":"2025-01-24T17:21:16","slug":"secretaria-informa-que-imigrantes-estao-sendo-deportados-dos-eua-em-avioes-militares","status":"publish","type":"post","link":"https:\/\/tvbrazilusa.com\/pt\/2025\/01\/24\/secretaria-informa-que-imigrantes-estao-sendo-deportados-dos-eua-em-avioes-militares\/","title":{"rendered":"Secretaria informa que imigrantes est\u00e3o sendo deportados dos EUA em avi\u00f5es militares"},"content":{"rendered":"<p> <script async src=\"https:\/\/pagead2.googlesyndication.com\/pagead\/js\/adsbygoogle.js?client=ca-pub-8864793242727901\"\r\n     crossorigin=\"anonymous\"><\/script><br \/>\n<\/p>\n<div>\n<figure class=\"post-image\">\n<\/figure>\n<p>            <span style=\"font-size: 12px\">Foto: Reprodu\u00e7\u00e3o\/Redes sociais<\/span><\/p>\n<p>            <!-- end metas --><br \/>\n            <!-- ADS --><\/p>\n<div id=\"taboola-read-more\" style=\"display:block; width:100%\">\n<p>A secret\u00e1ria de imprensa da Casa Branca, Karoline Leavitt, compartilhou imagens nesta sexta-feira (24) de imigrantes em fila, algemados e embarcando em um avi\u00e3o militar, afirmando: \u201cOs voos de deporta\u00e7\u00e3o come\u00e7aram\u201d.\n<\/p>\n<p>\u201cO presidente Trump est\u00e1 enviando uma mensagem forte e clara para o mundo inteiro: se voc\u00ea entrar ilegalmente nos Estados Unidos da Am\u00e9rica, enfrentar\u00e1 consequ\u00eancias severas\u201d, ela escreveu em um post na rede social X.<\/p>\n<div style=\"display: flex; flex-direction: row; justify-content: center; width: 100%;\">\n<blockquote class=\"twitter-tweet\">\n<p dir=\"ltr\" lang=\"en\">Deportation flights have begun.<\/p>\n<p>President Trump is sending a strong and clear message to the entire world: if you illegally enter the United States of America, you will face severe consequences. <a href=\"https:\/\/t.co\/CTlG8MRcY1\">pic.twitter.com\/CTlG8MRcY1<\/a><br \/>\n\u2014 Karoline Leavitt (@PressSec) <a href=\"https:\/\/twitter.com\/PressSec\/status\/1882759560613527770?ref_src=twsrc%5Etfw\">January 24, 2025<\/a><\/p>\n<\/blockquote>\n<\/div>\n<p>Os imigrantes geralmente s\u00e3o algemados antes de embarcar em voos de deporta\u00e7\u00e3o. J\u00e1 o uso de aeronaves militares para envi\u00e1-los ao seu pa\u00eds de origem, no entanto, \u00e9 not\u00e1vel.\n<\/p>\n<p>N\u00e3o est\u00e1 claro de onde eram, mas acredita-se que tenham cruzado a fronteira recentemente e estavam sob cust\u00f3dia da Patrulha da Fronteira.\n<\/p>\n<p>A\u00a0<strong>CNN<\/strong>\u00a0informou no in\u00edcio desta semana que quatro aeronaves no total \u2014 dois C-17s e dois C-130s \u2014 estavam sendo enviadas para San Diego e El Paso para dar suporte a voos de repatria\u00e7\u00e3o, relatou um oficial militar s\u00eanior aos rep\u00f3rteres na quarta-feira.\n<\/p>\n<p>Os primeiros voos partiram do Briggs Army Air Field com destino \u00e0 Guatemala na quinta-feira (23) \u00e0 noite, segundo um oficial.\n<\/p>\n<p>Fonte: CNN              <\/p>\n<\/div>\n<p>                        <!-- Scripts para conteudo --><\/p>\n<p>            <!-- .\/Scripts para conteudo --><br \/>\n            <!-- .\/Mat\u00e9ria --><\/p>\n<div class=\"row mt-3\">\n<div class=\"col-sm-6\">\n                <!-- Whatsapp channel 3--><br \/>\n                <a href=\"https:\/\/chat.whatsapp.com\/B8Qy6Erx4kb6yTzj3kaDco\" target=\"_blank\"><br \/>\n                  <img decoding=\"async\" src=\"https:\/\/diariodobrasilnoticias.com.br\/assets-site\/images\/bot_whatsapp.png\"\/><\/a>\n              <\/div>\n<div class=\"col-sm-6\">\n                <a href=\"https:\/\/t.me\/+_4gTmi5LKo03OTM5\" target=\"_blank\"><br \/>\n                  <img decoding=\"async\" src=\"https:\/\/diariodobrasilnoticias.com.br\/assets-site\/images\/bot_telegram.png\"\/><\/a>\n              <\/div>\n<\/p><\/div>\n<p>            <!-- end post-navigation --><\/p>\n<p>              <!-- end row --><\/p>\n<p>              <!-- end col-12-->\n                      <\/div>\n<p><script async src=\"\/\/platform.twitter.com\/widgets.js\" charset=\"utf-8\"><\/script><br \/>\n<br \/><br \/>\n<br \/><a href=\"https:\/\/diariodobrasilnoticias.com.br\/noticia\/secretaria-informa-que-imigrantes-estao-sendo-deportados-dos-eua-em-avioes-militares-6793a6b3a714f\">Source link <\/a><\/p>","protected":false},"excerpt":{"rendered":"<p>Foto: Reprodu\u00e7\u00e3o\/Redes sociais A secret\u00e1ria de imprensa da Casa Branca, Karoline Leavitt, compartilhou imagens nesta sexta-feira (24) de imigrantes em fila, algemados e embarcando em um avi\u00e3o militar, afirmando: \u201cOs&hellip;<\/p>","protected":false},"author":1,"featured_media":95357,"comment_status":"closed","ping_status":"open","sticky":false,"template":"","format":"standard","meta":{"content-type":"","footnotes":""},"categories":[16],"tags":[123,2448,5313,1267],"class_list":["post-95356","post","type-post","status-publish","format-standard","has-post-thumbnail","hentry","category-noticias","tag-brasil","tag-diario","tag-noticia","tag-noticias"],"_links":{"self":[{"href":"https:\/\/tvbrazilusa.com\/pt\/wp-json\/wp\/v2\/posts\/95356","targetHints":{"allow":["GET"]}}],"collection":[{"href":"https:\/\/tvbrazilusa.com\/pt\/wp-json\/wp\/v2\/posts"}],"about":[{"href":"https:\/\/tvbrazilusa.com\/pt\/wp-json\/wp\/v2\/types\/post"}],"author":[{"embeddable":true,"href":"https:\/\/tvbrazilusa.com\/pt\/wp-json\/wp\/v2\/users\/1"}],"replies":[{"embeddable":true,"href":"https:\/\/tvbrazilusa.com\/pt\/wp-json\/wp\/v2\/comments?post=95356"}],"version-history":[{"count":1,"href":"https:\/\/tvbrazilusa.com\/pt\/wp-json\/wp\/v2\/posts\/95356\/revisions"}],"predecessor-version":[{"id":95358,"href":"https:\/\/tvbrazilusa.com\/pt\/wp-json\/wp\/v2\/posts\/95356\/revisions\/95358"}],"wp:featuredmedia":[{"embeddable":true,"href":"https:\/\/tvbrazilusa.com\/pt\/wp-json\/wp\/v2\/media\/95357"}],"wp:attachment":[{"href":"https:\/\/tvbrazilusa.com\/pt\/wp-json\/wp\/v2\/media?parent=95356"}],"wp:term":[{"taxonomy":"category","embeddable":true,"href":"https:\/\/tvbrazilusa.com\/pt\/wp-json\/wp\/v2\/categories?post=95356"},{"taxonomy":"post_tag","embeddable":true,"href":"https:\/\/tvbrazilusa.com\/pt\/wp-json\/wp\/v2\/tags?post=95356"}],"curies":[{"name":"wp","href":"https:\/\/api.w.org\/{rel}","templated":true}]}}