{"id":95412,"date":"2025-01-24T19:42:37","date_gmt":"2025-01-24T19:42:37","guid":{"rendered":"https:\/\/tvbrazilusa.com\/2025\/01\/24\/o-jaguars-contratou-oficialmente-liam-coen-como-treinador-jacksonville-hoje\/"},"modified":"2025-01-24T19:51:53","modified_gmt":"2025-01-24T19:51:53","slug":"o-jaguars-contratou-oficialmente-liam-coen-como-treinador-jacksonville-hoje","status":"publish","type":"post","link":"https:\/\/tvbrazilusa.com\/pt\/2025\/01\/24\/o-jaguars-contratou-oficialmente-liam-coen-como-treinador-jacksonville-hoje\/","title":{"rendered":"O Jaguars contratou oficialmente Liam Coen como treinador | Jacksonville hoje"},"content":{"rendered":"<p> <script async src=\"https:\/\/pagead2.googlesyndication.com\/pagead\/js\/adsbygoogle.js?client=ca-pub-8864793242727901\"\r\n     crossorigin=\"anonymous\"><\/script><br \/>\n<\/p>\n<div>\n<p>Ap\u00f3s um pouco de turbul\u00eancia, os Jacksonville Jaguars t\u00eam um novo treinador &#8211; Liam Coen, do Tampa Bay Buccaneers.<\/p>\n<p>Propriet\u00e1rio da equipe Shad Khan <a href=\"https:\/\/x.com\/Jaguars\/status\/1882868084152868975\/photo\/1\" rel=\"nofollow\" target=\"_blank\">anunciou a contrata\u00e7\u00e3o<\/a> do coordenador ofensivo dos Buccaneers na sexta -feira \u00e0 tarde, ap\u00f3s dois dias tumultuados.<\/p>\n<p>Coen fez uma considera\u00e7\u00e3o na quarta -feira; Khan <a href=\"https:\/\/jaxtoday.org\/2025\/01\/22\/baalke-out-as-jaguars-gm-as-search-for-a-new-coach-falters\/\">O gerente geral demitido Trent Baalke<\/a> horas depois; E Coen ent\u00e3o reconsiderou quinta -feira antes de sua contrata\u00e7\u00e3o na sexta -feira.<\/p>\n<p>&#8220;Estou profundamente comprometido em construir um vencedor aqui em Jacksonville&#8221;, disse Khan em um post na sexta -feira no X. &#8220;Eu tamb\u00e9m acredito em ser julgado por a\u00e7\u00f5es, n\u00e3o palavras. \u00c9 por isso que tomei uma a\u00e7\u00e3o r\u00e1pida para contratar Liam Coen como o novo treinador do Jacksonville Jaguars.<\/p>\n<p>\u201cEstou bombeado que Liam est\u00e1 aceitando o desafio e a oportunidade de construir o vencedor que o Jaguars e os parceiros merecem completamente. Eu sei que nossos jogadores sentem o mesmo. \u201d<\/p>\n<p>Os Jaguars tiveram nove treinadores desde Tom Coughlin pastorearam a equipe desde sua primeira temporada em 1995, at\u00e9 2002. Desde ent\u00e3o, Jack Del Rio, Mike Mularkey, Gus Bradley, Doug Marrone e Urban Meyer mantiveram o cargo at\u00e9 o aluguel de Pederson em 2022 .<\/p>\n<h3 class=\"wp-block-heading\">Recorde de Coen<\/h3>\n<p>Coen teve 14 anos de experi\u00eancia em treinamento quando os Buccaneers o contrataram no ano passado para ser seu coordenador ofensivo, incluindo quatro anos no Los Angeles Rams.<\/p>\n<p>Antes de ingressar nos Buccaneers, ele foi o coordenador ofensivo da Universidade de Kentucky e treinador de zagueiros nas temporadas 2023 e 2021. Antes disso, ele era o coordenador ofensivo do Rams em 2022, depois de passar o tempo como treinador assistente de quarterbacks do clube em 2020 e assistente de treinador de receptores amplos em 2018 e 2019, de acordo com seu <a href=\"https:\/\/www.buccaneers.com\/team\/coaches-roster\/liam-coen\" rel=\"nofollow noopener\" target=\"_blank\">Biografia de Tampa Bay<\/a>.<\/p>\n<p>Enquanto estava na Universidade de Kentucky, Coen apresentou duas das temporadas de maior pontua\u00e7\u00e3o na hist\u00f3ria da escola, ajudando a equipe a acumular 56 touchdowns totais em 2021 e 50 touchdowns totais em 2023. As equipes de Coen foram uma das mais eficientes na SEC, Aumentando mais de 425 jardas l\u00edquidas de ofensa por jogo em 2021, ao levar a equipe a 17 vit\u00f3rias combinadas em suas duas temporadas l\u00e1, disse sua biografia.<\/p>\n<p><a href=\"https:\/\/jaxtoday.org\/2025\/01\/06\/doug-pederson-fired-jaguars\/\">Khan demitiu Pederson<\/a> em 6 de janeiro, ap\u00f3s uma temporada de 4-13. Ele foi 22 e 29 em suas tr\u00eas temporadas como treinador, incluindo derrotas em 18 dos \u00faltimos 23 jogos.<\/p>\n<p>Em um comunicado sobre o tiroteio, Khan disse que acredita fortemente que \u00e9 poss\u00edvel restaurar o ambiente vencedor que existia em Jacksonville n\u00e3o muito tempo atr\u00e1s.<\/p>\n<p>\u201cPor mais que Doug e eu desejemos que sua experi\u00eancia aqui em Jacksonville terminasse melhor, tenho uma obriga\u00e7\u00e3o em primeiro lugar de servir os melhores interesses de nossa equipe e, especialmente, de nossos f\u00e3s, que apoiam fielmente nossa equipe e est\u00e3o atrasados \u200b\u200bpara serem recompensados , \u201dKhan disse. &#8220;Nesse esp\u00edrito, a hora de convocar nova lideran\u00e7a \u00e9 agora.&#8221;<\/p>\n<p>Coen era o favorito para liderar os Jaguares depois que o coordenador ofensivo de Detroit Lions, Ben Johnson, aceitou o cargo de treinador dos Bears e um terceiro candidato, o coordenador defensivo de Detroit, Aaron Glenn, foi contratado como treinador do New York Jets. <\/p>\n<p>Coen teria decidido voltar aos Buccaneers com um aumento salarial ap\u00f3s uma entrevista inicial em Jacksonville. Seu contrato em Tampa Bay nunca foi assinado antes de retornar a Jacksonville.<\/p>\n<p>Os Jags ainda devem contratar um gerente geral. O gerente geral assistente Ethan Waugh est\u00e1 servindo como GM intermedi\u00e1rio.<\/p>\n<\/div>\n<p><br \/>\n<br \/><a href=\"https:\/\/jaxtoday.org\/2025\/01\/24\/liam-coen-jaguars-coach\/\">Source link <\/a><\/p>","protected":false},"excerpt":{"rendered":"<p>Ap\u00f3s um pouco de turbul\u00eancia, os Jacksonville Jaguars t\u00eam um novo treinador &#8211; Liam Coen, do Tampa Bay Buccaneers. Propriet\u00e1rio da equipe Shad Khan anunciou a contrata\u00e7\u00e3o do coordenador ofensivo&hellip;<\/p>","protected":false},"author":1,"featured_media":95413,"comment_status":"closed","ping_status":"open","sticky":false,"template":"","format":"standard","meta":{"content-type":"","footnotes":""},"categories":[1],"tags":[],"class_list":["post-95412","post","type-post","status-publish","format-standard","has-post-thumbnail","hentry","category-uncategorized"],"_links":{"self":[{"href":"https:\/\/tvbrazilusa.com\/pt\/wp-json\/wp\/v2\/posts\/95412","targetHints":{"allow":["GET"]}}],"collection":[{"href":"https:\/\/tvbrazilusa.com\/pt\/wp-json\/wp\/v2\/posts"}],"about":[{"href":"https:\/\/tvbrazilusa.com\/pt\/wp-json\/wp\/v2\/types\/post"}],"author":[{"embeddable":true,"href":"https:\/\/tvbrazilusa.com\/pt\/wp-json\/wp\/v2\/users\/1"}],"replies":[{"embeddable":true,"href":"https:\/\/tvbrazilusa.com\/pt\/wp-json\/wp\/v2\/comments?post=95412"}],"version-history":[{"count":1,"href":"https:\/\/tvbrazilusa.com\/pt\/wp-json\/wp\/v2\/posts\/95412\/revisions"}],"predecessor-version":[{"id":95414,"href":"https:\/\/tvbrazilusa.com\/pt\/wp-json\/wp\/v2\/posts\/95412\/revisions\/95414"}],"wp:featuredmedia":[{"embeddable":true,"href":"https:\/\/tvbrazilusa.com\/pt\/wp-json\/wp\/v2\/media\/95413"}],"wp:attachment":[{"href":"https:\/\/tvbrazilusa.com\/pt\/wp-json\/wp\/v2\/media?parent=95412"}],"wp:term":[{"taxonomy":"category","embeddable":true,"href":"https:\/\/tvbrazilusa.com\/pt\/wp-json\/wp\/v2\/categories?post=95412"},{"taxonomy":"post_tag","embeddable":true,"href":"https:\/\/tvbrazilusa.com\/pt\/wp-json\/wp\/v2\/tags?post=95412"}],"curies":[{"name":"wp","href":"https:\/\/api.w.org\/{rel}","templated":true}]}}