{"id":95431,"date":"2025-01-24T20:39:11","date_gmt":"2025-01-24T20:39:11","guid":{"rendered":"https:\/\/tvbrazilusa.com\/2025\/01\/24\/trump-afirma-que-ira-entrar-em-contato-com-kim-jong-un-lider-da-coreia-do-norte\/"},"modified":"2025-01-24T20:39:12","modified_gmt":"2025-01-24T20:39:12","slug":"trump-afirma-que-ira-entrar-em-contato-com-kim-jong-un-lider-da-coreia-do-norte","status":"publish","type":"post","link":"https:\/\/tvbrazilusa.com\/pt\/2025\/01\/24\/trump-afirma-que-ira-entrar-em-contato-com-kim-jong-un-lider-da-coreia-do-norte\/","title":{"rendered":"Trump afirma que ir\u00e1 entrar em contato com Kim Jong Un, l\u00edder da Coreia do Norte"},"content":{"rendered":"<p> <script async src=\"https:\/\/pagead2.googlesyndication.com\/pagead\/js\/adsbygoogle.js?client=ca-pub-8864793242727901\"\r\n     crossorigin=\"anonymous\"><\/script><br \/>\n<\/p>\n<div id=\"taboola-read-more\" style=\"display:block; width:100%\">\n<p>O presidente dos Estados Unidos, Donald Trump, afirmou em entrevista na quinta-feira (23) que quer tentar manter contato com o l\u00edder da Coreia do Norte, Kim Jong Un, mais uma vez.\n<\/p>\n<p>Os dois l\u00edderes desenvolveram uma rela\u00e7\u00e3o de trabalho durante o primeiro mandato de Trump. Em uma ocasi\u00e3o, o americano chegou a oferecer uma carona a Kim no Air Force One, o avi\u00e3o presidencial dos Estados Unidos.<\/p>\n<p>\u201cVou entrar em contato com ele novamente\u201d, disse Trump a Sean Hannity, da Fox News.\n<\/p>\n<p>Na quarta-feira (22), a m\u00eddia estatal norte-coreana relatou a posse do republicano, mas n\u00e3o fez maiores coment\u00e1rios sobre a presid\u00eancia. No entanto, acusou os Estados Unidos de cometerem atrocidades durante a Guerra das Coreias, entre 1950 e 1953.\n<\/p>\n<p>Fonte: CNN Brasil              <\/p>\n<\/div>\n<p><br \/>\n<br \/><a href=\"https:\/\/diariodobrasilnoticias.com.br\/noticia\/trump-afirma-que-ira-entrar-em-contato-com-kim-jong-un-lider-da-coreia-do-norte-6793e3598f7ff\">Source link <\/a><\/p>","protected":false},"excerpt":{"rendered":"<p>O presidente dos Estados Unidos, Donald Trump, afirmou em entrevista na quinta-feira (23) que quer tentar manter contato com o l\u00edder da Coreia do Norte, Kim Jong Un, mais uma&hellip;<\/p>","protected":false},"author":1,"featured_media":95432,"comment_status":"closed","ping_status":"open","sticky":false,"template":"","format":"standard","meta":{"content-type":"","footnotes":""},"categories":[16],"tags":[123,2448,5313,1267],"class_list":["post-95431","post","type-post","status-publish","format-standard","has-post-thumbnail","hentry","category-noticias","tag-brasil","tag-diario","tag-noticia","tag-noticias"],"_links":{"self":[{"href":"https:\/\/tvbrazilusa.com\/pt\/wp-json\/wp\/v2\/posts\/95431","targetHints":{"allow":["GET"]}}],"collection":[{"href":"https:\/\/tvbrazilusa.com\/pt\/wp-json\/wp\/v2\/posts"}],"about":[{"href":"https:\/\/tvbrazilusa.com\/pt\/wp-json\/wp\/v2\/types\/post"}],"author":[{"embeddable":true,"href":"https:\/\/tvbrazilusa.com\/pt\/wp-json\/wp\/v2\/users\/1"}],"replies":[{"embeddable":true,"href":"https:\/\/tvbrazilusa.com\/pt\/wp-json\/wp\/v2\/comments?post=95431"}],"version-history":[{"count":1,"href":"https:\/\/tvbrazilusa.com\/pt\/wp-json\/wp\/v2\/posts\/95431\/revisions"}],"predecessor-version":[{"id":95433,"href":"https:\/\/tvbrazilusa.com\/pt\/wp-json\/wp\/v2\/posts\/95431\/revisions\/95433"}],"wp:featuredmedia":[{"embeddable":true,"href":"https:\/\/tvbrazilusa.com\/pt\/wp-json\/wp\/v2\/media\/95432"}],"wp:attachment":[{"href":"https:\/\/tvbrazilusa.com\/pt\/wp-json\/wp\/v2\/media?parent=95431"}],"wp:term":[{"taxonomy":"category","embeddable":true,"href":"https:\/\/tvbrazilusa.com\/pt\/wp-json\/wp\/v2\/categories?post=95431"},{"taxonomy":"post_tag","embeddable":true,"href":"https:\/\/tvbrazilusa.com\/pt\/wp-json\/wp\/v2\/tags?post=95431"}],"curies":[{"name":"wp","href":"https:\/\/api.w.org\/{rel}","templated":true}]}}