{"id":95455,"date":"2025-01-24T21:51:33","date_gmt":"2025-01-24T21:51:33","guid":{"rendered":"https:\/\/tvbrazilusa.com\/2025\/01\/24\/a-defesa-de-silveira-afirma-ter-sido-ameacada-por-moraes-e-acusa-a-oab-de-omissao\/"},"modified":"2025-01-24T21:51:34","modified_gmt":"2025-01-24T21:51:34","slug":"a-defesa-de-silveira-afirma-ter-sido-ameacada-por-moraes-e-acusa-a-oab-de-omissao","status":"publish","type":"post","link":"https:\/\/tvbrazilusa.com\/pt\/2025\/01\/24\/a-defesa-de-silveira-afirma-ter-sido-ameacada-por-moraes-e-acusa-a-oab-de-omissao\/","title":{"rendered":"A defesa de Silveira afirma ter sido amea\u00e7ada por Moraes e acusa a OAB de omiss\u00e3o"},"content":{"rendered":"<p> <script async src=\"https:\/\/pagead2.googlesyndication.com\/pagead\/js\/adsbygoogle.js?client=ca-pub-8864793242727901\"\r\n     crossorigin=\"anonymous\"><\/script><br \/>\n<\/p>\n<div id=\"taboola-read-more\" style=\"display:block; width:100%\">\n<p>Nesta sexta-feira, 24, a defesa de Daniel Silveira acusou o ministro Alexandre de Moraes, do Supremo Tribunal Federal (STF).\n<\/p>\n<p>De acordo com os advogados Paulo Faria, Paola Silva, Michael Robert e Sebasti\u00e3o Coelho, Moraes \u201cvem sistematicamente afrontando o direito de defesa e as prerrogativas profissionais\u201d.<\/p>\n<p>\u201cO Estatuto da Ordem dos Advogados do Brasil (OAB), Lei 8.906\/94, prev\u00ea em seu Art. 7\u00ba, inciso I, que s\u00e3o direito do advogado \u2018exercer, com liberdade, a profiss\u00e3o em todo o territ\u00f3rio nacional\u2019, mas, recentemente, fomos amea\u00e7ados com informa\u00e7\u00f5es de \u2018bastidores\u2019, de que Moraes iria nos multar por excesso de pedidos, no caso, todos aqueles relativos ao indulto natalino que seu cliente tem direito\u201d, disseram os advogados, ao mencionar uma not\u00edcia da CNN Brasil. \u201cOra, se h\u00e1 excessos de pedidos, \u00e9 porque h\u00e1 excesso de omiss\u00f5es.\u201d\n<\/p>\n<p>Conforme a defesa, Silveira tem direito ao indulto natalino concedido pelo presidente Lula a detentos no ano passado. Os advogados apresentaram mais de dez pedidos de aprecia\u00e7\u00e3o a Moraes.\n<\/p>\n<p>Cr\u00edticas da defesa de Daniel Silveira \u00e0 OAB\n<\/p>\n<p>Na den\u00fancia, os advogados criticaram ainda a \u201comiss\u00e3o\u201d da OAB. \u201cRogam os advogados que comp\u00f5em a defesa de Silveira para que a OAB atue firmemente na defesa das prerrogativas da advocacia e n\u00e3o sejam competentes apenas para encaminhamento de boletos de anuidades e acordos pol\u00edticos, que fogem aos interesses da classe\u201d, disse a defesa de Silveira.\n<\/p>\n<p>Ainda segundo os advogados, a den\u00fancia \u00e9 um \u201cgrito de alerta e pedido de socorro \u00e0 sociedade\u201d, especialmente \u00e0 \u201cOAB, para frear a saga autorit\u00e1ria, ilegal e ditatorial do senhor Alexandre de Moraes, que vem humilhando e desrespeitando n\u00e3o apenas os advogados que ora denunciam, mas toda a advocacia\u201d.\n<\/p>\n<p>Procurados por Oeste, o gabinete de Moraes e a OAB n\u00e3o se manifestaram at\u00e9 o fechamento desta reportagem. O espa\u00e7o, por\u00e9m, continua aberto.\n<\/p>\n<p>Fonte: Revista Oste              <\/p>\n<\/div>\n<p><br \/>\n<br \/><a href=\"https:\/\/diariodobrasilnoticias.com.br\/noticia\/a-defesa-de-silveira-afirma-ter-sido-ameacada-por-moraes-e-acusa-a-oab-de-omissao-6793f4d07f29c\">Source link <\/a><\/p>","protected":false},"excerpt":{"rendered":"<p>Nesta sexta-feira, 24, a defesa de Daniel Silveira acusou o ministro Alexandre de Moraes, do Supremo Tribunal Federal (STF). De acordo com os advogados Paulo Faria, Paola Silva, Michael Robert&hellip;<\/p>","protected":false},"author":1,"featured_media":95456,"comment_status":"closed","ping_status":"open","sticky":false,"template":"","format":"standard","meta":{"content-type":"","footnotes":""},"categories":[16],"tags":[123,2448,5313,1267],"class_list":["post-95455","post","type-post","status-publish","format-standard","has-post-thumbnail","hentry","category-noticias","tag-brasil","tag-diario","tag-noticia","tag-noticias"],"_links":{"self":[{"href":"https:\/\/tvbrazilusa.com\/pt\/wp-json\/wp\/v2\/posts\/95455","targetHints":{"allow":["GET"]}}],"collection":[{"href":"https:\/\/tvbrazilusa.com\/pt\/wp-json\/wp\/v2\/posts"}],"about":[{"href":"https:\/\/tvbrazilusa.com\/pt\/wp-json\/wp\/v2\/types\/post"}],"author":[{"embeddable":true,"href":"https:\/\/tvbrazilusa.com\/pt\/wp-json\/wp\/v2\/users\/1"}],"replies":[{"embeddable":true,"href":"https:\/\/tvbrazilusa.com\/pt\/wp-json\/wp\/v2\/comments?post=95455"}],"version-history":[{"count":1,"href":"https:\/\/tvbrazilusa.com\/pt\/wp-json\/wp\/v2\/posts\/95455\/revisions"}],"predecessor-version":[{"id":95457,"href":"https:\/\/tvbrazilusa.com\/pt\/wp-json\/wp\/v2\/posts\/95455\/revisions\/95457"}],"wp:featuredmedia":[{"embeddable":true,"href":"https:\/\/tvbrazilusa.com\/pt\/wp-json\/wp\/v2\/media\/95456"}],"wp:attachment":[{"href":"https:\/\/tvbrazilusa.com\/pt\/wp-json\/wp\/v2\/media?parent=95455"}],"wp:term":[{"taxonomy":"category","embeddable":true,"href":"https:\/\/tvbrazilusa.com\/pt\/wp-json\/wp\/v2\/categories?post=95455"},{"taxonomy":"post_tag","embeddable":true,"href":"https:\/\/tvbrazilusa.com\/pt\/wp-json\/wp\/v2\/tags?post=95455"}],"curies":[{"name":"wp","href":"https:\/\/api.w.org\/{rel}","templated":true}]}}