{"id":95464,"date":"2025-01-24T22:16:18","date_gmt":"2025-01-24T22:16:18","guid":{"rendered":"https:\/\/tvbrazilusa.com\/2025\/01\/24\/nikolas-volta-a-criticar-o-governo-lula-pe-de-meia-e-o-novo-pix\/"},"modified":"2025-01-24T22:16:21","modified_gmt":"2025-01-24T22:16:21","slug":"nikolas-volta-a-criticar-o-governo-lula-pe-de-meia-e-o-novo-pix","status":"publish","type":"post","link":"https:\/\/tvbrazilusa.com\/pt\/2025\/01\/24\/nikolas-volta-a-criticar-o-governo-lula-pe-de-meia-e-o-novo-pix\/","title":{"rendered":"Nikolas volta a criticar o governo Lula: &#8216;P\u00e9-de-Meia \u00e9 o novo Pix&#8217;"},"content":{"rendered":"<p> <script async src=\"https:\/\/pagead2.googlesyndication.com\/pagead\/js\/adsbygoogle.js?client=ca-pub-8864793242727901\"\r\n     crossorigin=\"anonymous\"><\/script><br \/>\n<\/p>\n<div id=\"taboola-read-more\" style=\"display:block; width:100%\">\n<p>O deputado federal Nikolas Ferreira (PL-MG) voltou a criticar o governo Lula (PT), nesta quinta-feira (23). O parlamentar se manifestou por causa da decis\u00e3o do plen\u00e1rio do Tribunal de Contas da Uni\u00e3o (TCU) que referendou, na \u00faltima quarta (22), a ordem do ministro Augusto Nardes, para bloqueou recursos destinados ao programa P\u00e9-de-Meia por viola\u00e7\u00e3o das regras or\u00e7ament\u00e1rias, o que pode configurar crime de responsabilidade.\n<\/p>\n<p>\u2013 P\u00e9-de-Meia \u00e9 o novo Pix \u2013 escreveu Nikolas.<\/p>\n<p>A decis\u00e3o do TCU, que resulta na reten\u00e7\u00e3o de R$ 6 bilh\u00f5es, foi em car\u00e1ter cautelar, quando o m\u00e9rito da quest\u00e3o ainda n\u00e3o foi julgado.\n<\/p>\n<\/p>\n<p style=\"text-align: center;\"><em>Reprodu\u00e7\u00e3o \/ X \/ @nikolas_dm<\/em>\n<\/p>\n<p>Fonte: Pleno News              <\/p>\n<\/div>\n<p><br \/>\n<br \/><a href=\"https:\/\/diariodobrasilnoticias.com.br\/noticia\/nikolas-volta-a-criticar-o-governo-lula-pe-de-meia-e-o-novo-pix-6793f5f261508\">Source link <\/a><\/p>","protected":false},"excerpt":{"rendered":"<p>O deputado federal Nikolas Ferreira (PL-MG) voltou a criticar o governo Lula (PT), nesta quinta-feira (23). O parlamentar se manifestou por causa da decis\u00e3o do plen\u00e1rio do Tribunal de Contas&hellip;<\/p>","protected":false},"author":1,"featured_media":95465,"comment_status":"closed","ping_status":"open","sticky":false,"template":"","format":"standard","meta":{"content-type":"","footnotes":""},"categories":[16],"tags":[123,2448,5313,1267],"class_list":["post-95464","post","type-post","status-publish","format-standard","has-post-thumbnail","hentry","category-noticias","tag-brasil","tag-diario","tag-noticia","tag-noticias"],"_links":{"self":[{"href":"https:\/\/tvbrazilusa.com\/pt\/wp-json\/wp\/v2\/posts\/95464","targetHints":{"allow":["GET"]}}],"collection":[{"href":"https:\/\/tvbrazilusa.com\/pt\/wp-json\/wp\/v2\/posts"}],"about":[{"href":"https:\/\/tvbrazilusa.com\/pt\/wp-json\/wp\/v2\/types\/post"}],"author":[{"embeddable":true,"href":"https:\/\/tvbrazilusa.com\/pt\/wp-json\/wp\/v2\/users\/1"}],"replies":[{"embeddable":true,"href":"https:\/\/tvbrazilusa.com\/pt\/wp-json\/wp\/v2\/comments?post=95464"}],"version-history":[{"count":1,"href":"https:\/\/tvbrazilusa.com\/pt\/wp-json\/wp\/v2\/posts\/95464\/revisions"}],"predecessor-version":[{"id":95466,"href":"https:\/\/tvbrazilusa.com\/pt\/wp-json\/wp\/v2\/posts\/95464\/revisions\/95466"}],"wp:featuredmedia":[{"embeddable":true,"href":"https:\/\/tvbrazilusa.com\/pt\/wp-json\/wp\/v2\/media\/95465"}],"wp:attachment":[{"href":"https:\/\/tvbrazilusa.com\/pt\/wp-json\/wp\/v2\/media?parent=95464"}],"wp:term":[{"taxonomy":"category","embeddable":true,"href":"https:\/\/tvbrazilusa.com\/pt\/wp-json\/wp\/v2\/categories?post=95464"},{"taxonomy":"post_tag","embeddable":true,"href":"https:\/\/tvbrazilusa.com\/pt\/wp-json\/wp\/v2\/tags?post=95464"}],"curies":[{"name":"wp","href":"https:\/\/api.w.org\/{rel}","templated":true}]}}