{"id":95467,"date":"2025-01-24T22:30:48","date_gmt":"2025-01-24T22:30:48","guid":{"rendered":"https:\/\/tvbrazilusa.com\/2025\/01\/24\/trump-deve-acionar-10-mil-militares-e-pode-convocar-o-ato-de-insurreicao-veja-video\/"},"modified":"2025-01-24T22:30:49","modified_gmt":"2025-01-24T22:30:49","slug":"trump-deve-acionar-10-mil-militares-e-pode-convocar-o-ato-de-insurreicao-veja-video","status":"publish","type":"post","link":"https:\/\/tvbrazilusa.com\/pt\/2025\/01\/24\/trump-deve-acionar-10-mil-militares-e-pode-convocar-o-ato-de-insurreicao-veja-video\/","title":{"rendered":"Trump deve acionar 10 mil militares e pode convocar o Ato de Insurrei\u00e7\u00e3o; VEJA V\u00cdDEO"},"content":{"rendered":"<p> <script async src=\"https:\/\/pagead2.googlesyndication.com\/pagead\/js\/adsbygoogle.js?client=ca-pub-8864793242727901\"\r\n     crossorigin=\"anonymous\"><\/script><br \/>\n<\/p>\n<div id=\"taboola-read-more\" style=\"display:block; width:100%\">\n<p>Na manh\u00e3 desta sexta-feira, 24 de janeiro de 2025, o presidente Donald Trump anunciou planos para mobilizar 10 mil militares, potencialmente invocando o Ato de Insurrei\u00e7\u00e3o de 1807. Esta decis\u00e3o visa fortalecer a seguran\u00e7a na fronteira com o M\u00e9xico, onde a administra\u00e7\u00e3o Trump tem implementado pol\u00edticas de imigra\u00e7\u00e3o rigorosas. O Ato de Insurrei\u00e7\u00e3o permite ao presidente usar tropas federais dentro dos Estados Unidos para restaurar a ordem em casos de desordem civil ou rebeli\u00e3o, uma medida controversa que n\u00e3o era usada desde os tumultos de Los Angeles em 1992.\n<\/p>\n<p>A mobiliza\u00e7\u00e3o tem gerado uma onda de rea\u00e7\u00f5es tanto de apoiadores quanto de cr\u00edticos. Segundo fontes, a inten\u00e7\u00e3o \u00e9 apoiar a Patrulha da Fronteira, refor\u00e7ando a presen\u00e7a militar em centros de comando e controle. No entanto, h\u00e1 preocupa\u00e7\u00f5es sobre a legalidade e a necessidade de tal a\u00e7\u00e3o, com alguns analistas questionando se a situa\u00e7\u00e3o atual justifica a invoca\u00e7\u00e3o de uma lei t\u00e3o dr\u00e1stica. Os posts em redes sociais, como os encontrados no X, mostram um debate acalorado, com muitos questionando as implica\u00e7\u00f5es desta decis\u00e3o para os direitos civis e a democracia americana.<\/p>\n<p><strong>ASSISTA:<\/strong>\n<\/p>\n<p>Fonte: @areamilitarof \/ X              <\/p>\n<\/div>\n<p><br \/>\n<br \/><a href=\"https:\/\/diariodobrasilnoticias.com.br\/noticia\/trump-deve-acionar-10-mil-militares-e-pode-convocar-o-ato-de-insurreicao-veja-video-6793f81e30dec\">Source link <\/a><\/p>","protected":false},"excerpt":{"rendered":"<p>Na manh\u00e3 desta sexta-feira, 24 de janeiro de 2025, o presidente Donald Trump anunciou planos para mobilizar 10 mil militares, potencialmente invocando o Ato de Insurrei\u00e7\u00e3o de 1807. Esta decis\u00e3o&hellip;<\/p>","protected":false},"author":1,"featured_media":95468,"comment_status":"closed","ping_status":"open","sticky":false,"template":"","format":"standard","meta":{"content-type":"","footnotes":""},"categories":[16],"tags":[123,2448,5313,1267],"class_list":["post-95467","post","type-post","status-publish","format-standard","has-post-thumbnail","hentry","category-noticias","tag-brasil","tag-diario","tag-noticia","tag-noticias"],"_links":{"self":[{"href":"https:\/\/tvbrazilusa.com\/pt\/wp-json\/wp\/v2\/posts\/95467","targetHints":{"allow":["GET"]}}],"collection":[{"href":"https:\/\/tvbrazilusa.com\/pt\/wp-json\/wp\/v2\/posts"}],"about":[{"href":"https:\/\/tvbrazilusa.com\/pt\/wp-json\/wp\/v2\/types\/post"}],"author":[{"embeddable":true,"href":"https:\/\/tvbrazilusa.com\/pt\/wp-json\/wp\/v2\/users\/1"}],"replies":[{"embeddable":true,"href":"https:\/\/tvbrazilusa.com\/pt\/wp-json\/wp\/v2\/comments?post=95467"}],"version-history":[{"count":1,"href":"https:\/\/tvbrazilusa.com\/pt\/wp-json\/wp\/v2\/posts\/95467\/revisions"}],"predecessor-version":[{"id":95469,"href":"https:\/\/tvbrazilusa.com\/pt\/wp-json\/wp\/v2\/posts\/95467\/revisions\/95469"}],"wp:featuredmedia":[{"embeddable":true,"href":"https:\/\/tvbrazilusa.com\/pt\/wp-json\/wp\/v2\/media\/95468"}],"wp:attachment":[{"href":"https:\/\/tvbrazilusa.com\/pt\/wp-json\/wp\/v2\/media?parent=95467"}],"wp:term":[{"taxonomy":"category","embeddable":true,"href":"https:\/\/tvbrazilusa.com\/pt\/wp-json\/wp\/v2\/categories?post=95467"},{"taxonomy":"post_tag","embeddable":true,"href":"https:\/\/tvbrazilusa.com\/pt\/wp-json\/wp\/v2\/tags?post=95467"}],"curies":[{"name":"wp","href":"https:\/\/api.w.org\/{rel}","templated":true}]}}