{"id":95482,"date":"2025-01-24T20:47:28","date_gmt":"2025-01-24T20:47:28","guid":{"rendered":"https:\/\/tvbrazilusa.com\/2025\/01\/24\/generais-surrados-no-senado-publico-rejeita-ampliacao-de-competencia-do-stm-paulo-figueiredo\/"},"modified":"2025-01-24T23:16:49","modified_gmt":"2025-01-24T23:16:49","slug":"generais-surrados-no-senado-publico-rejeita-ampliacao-de-competencia-do-stm-paulo-figueiredo","status":"publish","type":"post","link":"https:\/\/tvbrazilusa.com\/pt\/2025\/01\/24\/generais-surrados-no-senado-publico-rejeita-ampliacao-de-competencia-do-stm-paulo-figueiredo\/","title":{"rendered":"Generais surrados no Senado, publico rejeita amplia\u00e7\u00e3o de compet\u00eancia do STM \u2013 Paulo Figueiredo"},"content":{"rendered":"<p> <script async src=\"https:\/\/pagead2.googlesyndication.com\/pagead\/js\/adsbygoogle.js?client=ca-pub-8864793242727901\"\r\n     crossorigin=\"anonymous\"><\/script><br \/>\n<\/p>\n<div id=\"wtr-content\" data-bg=\"#FFFFFF\" data-fg=\"#006d91\" data-width=\"25\" data-mute=\"1\" data-fgopacity=\"1.00\" data-mutedopacity=\"0.5\" data-placement=\"bottom\" data-placement-offset=\"0\" data-content-offset=\"262\" data-placement-touch=\"bottom\" data-placement-offset-touch=\"0\" data-transparent=\"\" data-shadow=\"0\" data-touch=\"1\" data-non-touch=\"1\" data-comments=\"0\" data-commentsbg=\"transparent\" data-location=\"page\" data-mutedfg=\"#006d91\" data-endfg=\"#006d91\" data-rtl=\"\">\n<h3 class=\"wp-block-heading\">Proposta de Emenda Constitucional amplia poder dos generais da Justi\u00e7a Militar da Uni\u00e3o \u2013 PEC 7 de 2024 est\u00e1 em tramita\u00e7\u00e3o o Senado<\/h3>\n<p>A Proposta de Emenda Constitucional n\u00famero 7 de 2024, de interesse da Justi\u00e7a Militar da Uni\u00e3o, modifica radicalmente a jurisdi\u00e7\u00e3o da justi\u00e7a castrense brasileira.<\/p>\n<p>Os\u00a0tribunais militares\u00a0s\u00e3o muito criticados por advogados por conta de serem formados em grande parte por ju\u00edzes leigos, principalmente no que diz respeito \u00e0 c\u00fapula, com cadeiras ocupadas majoritariamente por brigadeiros, generais e almirantes no \u00faltimo posto da carreira militar, que assumem por indica\u00e7\u00e3o pol\u00edtica do Presidente da Rep\u00fablica, ap\u00f3s sabatina dos senadores.<\/p>\n<p>Na justifica\u00e7\u00e3o da proposta, argumenta-se que a Justi\u00e7a Militar, que hoje atua somente na \u00e1rea criminal, \u00e9 detentora de capacidade t\u00e9cnica e possui recursos humanos e materiais para abarcar as a\u00e7\u00f5es envolvendo mat\u00e9ria de Direito Administrativo Militar que hoje tramitam na Justi\u00e7a Federal e nas Varas de Fazenda P\u00fablica estaduais e que isso contribuiria para \u00a0a diminui\u00e7\u00e3o da taxa de congestionamento nos tribunais.<\/p>\n<p>Por outro lado, advogados ouvidos pela Revista Sociedade Militar argumentam que na verdade essa transfer\u00eancia de compet\u00eancia visa diminuir a quantidade de derrotas que as For\u00e7as Armadas v\u00eam obtendo na justi\u00e7a federal em a\u00e7\u00f5es de recupera\u00e7\u00e3o de direitos movidas por militares e ex-militares, insatisfeitos com decis\u00f5es administrativas.<\/p>\n<h3 class=\"wp-block-heading\">A relatora da PEC 07 de 2024, senadora Dorinha Seabra, votou pela aprova\u00e7\u00e3o da proposta<\/h3>\n<figure class=\"wp-block-image aligncenter size-large\"><figcaption class=\"wp-element-caption\"><em>Senadora relatora da PEC 7 de 2024 \u00e9 homenageada pela Justi\u00e7a Militar \u2013 Imagem: Superior Tribunal Militar<\/em><\/figcaption><\/figure>\n<p>Para a parlamentar, que \u00e9 professora e foi Secret\u00e1ria de Educa\u00e7\u00e3o no Tocantins, a Justi\u00e7a Militar da Uni\u00e3o vai decidir de forma mais adequada e de acordo com a realidade das corpora\u00e7\u00f5es. \u201cA amplia\u00e7\u00e3o das compet\u00eancias da Justi\u00e7a Militar garante uma an\u00e1lise mais t\u00e9cnica e contextualizada, promovendo decis\u00f5es mais adequadas \u00e0 realidade das corpora\u00e7\u00f5es militares. A especializa\u00e7\u00e3o da Justi\u00e7a Militar proporciona maior celeridade processual, maior efici\u00eancia no julgamento de casos e decis\u00f5es consistentes, ao contar com ju\u00edzes e conselhos formados por profissionais que compreendem as especificidades das rela\u00e7\u00f5es e fun\u00e7\u00f5es militares.\u201d, disse a\u00a0Senadora Dorinha Seabra.<\/p>\n<h2 class=\"wp-block-heading\"><strong>Coment\u00e1rios negativos sobre a amplia\u00e7\u00e3o de compet\u00eancia da Justi\u00e7a Militar\u00a0<\/strong><\/h2>\n<p>Uma s\u00e9rie de coment\u00e1rios de advogados e militares postados em redes sociais d\u00e1 uma ideia bem concreta da insatisfa\u00e7\u00e3o com que juristas enxergam a proposta dos Ministros Militares do STM.<\/p>\n<p>\u201cMuito !! Queria saber, qual o sentido do STM, ao meu ver, n\u00e3o existe mais serventia, agora \u00e9 s\u00f3 enfeite e poder !! \u201d <em>(10 horas atr\u00e1s, 1 curtida)<\/em><\/p>\n<p>\u201cEu acredito que se isso ocorrer pode ser o in\u00edcio do fim da Justi\u00e7a Militar, pois, v\u00e3o cometer tantas arbitrariedades como j\u00e1 cometem hoje em dia, que n\u00e3o restar\u00e1 outra solu\u00e7\u00e3o a n\u00e3o ser uma reforma no Judici\u00e1rio para acabar de vez com a Justi\u00e7a Militar, v\u00e3o dar um tiro no pr\u00f3prio p\u00e9. O que precisamos fazer \u00e9 acabar com a Justi\u00e7a Militar, o Governo precisa \u00e9 gerir melhor os recursos, \u00e9 um absurdo manter uma Justi\u00e7a Militar em tempos de paz, no passado era justific\u00e1vel, hoje n\u00e3o mais!\u201d<br \/><em>(10 horas atr\u00e1s, 6 curtidas)<\/em><\/p>\n<p>\u201c\u2026A exist\u00eancia da Justi\u00e7a Militar em tempo de paz j\u00e1 \u00e9 um absurdo. A presta\u00e7\u00e3o da jurisdi\u00e7\u00e3o por 2\/3 dos membros sem forma\u00e7\u00e3o em direito \u00e9 surreal. A exist\u00eancia de uma corte, que \u00e9 mera 2\u00aa inst\u00e2ncia da JMU e superior n\u00e3o tem nada, mostra bem que ser\u00e3o ceifados recursos ao STJ, que de fato \u00e9 superior. N\u00e3o existe isen\u00e7\u00e3o e imparcialidade do olhar de um General, sob o crivo do direito, de uma conduta de um Pra\u00e7a.\u201d<\/p>\n<h2 class=\"wp-block-heading\">A surra na enquete do SENADO sobre a PEC 7 de 2024<\/h2>\n<p>Na\u00a0<strong>enquete disponibilizada<\/strong>\u00a0para participa\u00e7\u00e3o da sociedade, utilizada pelos Senadores como base para conhecer a opini\u00e3o dos eleitores sobre as propostas em andamento, mais de 87% dos participantes s\u00e3o contra a ideia dos generais de transferir as quest\u00f5es disciplinares das For\u00e7as Armadas e Pol\u00edcias Militares para a Justi\u00e7a Militar da Uni\u00e3o e justi\u00e7as militares dos estados.<\/p>\n<figure class=\"wp-block-image aligncenter size-large\"><figcaption class=\"wp-element-caption\"><em>Extrato de enquete sobre a PEC 7 de 2024 STM e generais tomam surra na pesquisa \u2013 Dados de 23 de janeiro de 2025<\/em><\/figcaption><\/figure>\n<p><strong><a rel=\"nofollow\" target=\"_blank\" href=\"https:\/\/www.sociedademilitar.com.br\/2025\/01\/proposta-de-emenda-constitucional-amplia-poder-dos-generais-da-justica-militar-da-uniao-pec-7-de-2024-esta-em-tramitacao.html\">Source link<\/a><\/strong><\/p>\n<\/div>\n<p><br \/>\n<br \/><a href=\"https:\/\/tvfloridausa.com\/2025\/01\/24\/generais-surrados-no-senado-publico-rejeita-ampliacao-de-competencia-do-stm-paulo-figueiredo\/\">Source link <\/a><\/p>","protected":false},"excerpt":{"rendered":"<p>Proposta de Emenda Constitucional amplia poder dos generais da Justi\u00e7a Militar da Uni\u00e3o \u2013 PEC 7 de 2024 est\u00e1 em tramita\u00e7\u00e3o o Senado A Proposta de Emenda Constitucional n\u00famero 7&hellip;<\/p>","protected":false},"author":1,"featured_media":95483,"comment_status":"closed","ping_status":"open","sticky":false,"template":"","format":"standard","meta":{"content-type":"","footnotes":""},"categories":[22],"tags":[],"class_list":["post-95482","post","type-post","status-publish","format-standard","has-post-thumbnail","hentry","category-tv-florida-usa"],"_links":{"self":[{"href":"https:\/\/tvbrazilusa.com\/pt\/wp-json\/wp\/v2\/posts\/95482","targetHints":{"allow":["GET"]}}],"collection":[{"href":"https:\/\/tvbrazilusa.com\/pt\/wp-json\/wp\/v2\/posts"}],"about":[{"href":"https:\/\/tvbrazilusa.com\/pt\/wp-json\/wp\/v2\/types\/post"}],"author":[{"embeddable":true,"href":"https:\/\/tvbrazilusa.com\/pt\/wp-json\/wp\/v2\/users\/1"}],"replies":[{"embeddable":true,"href":"https:\/\/tvbrazilusa.com\/pt\/wp-json\/wp\/v2\/comments?post=95482"}],"version-history":[{"count":1,"href":"https:\/\/tvbrazilusa.com\/pt\/wp-json\/wp\/v2\/posts\/95482\/revisions"}],"predecessor-version":[{"id":95484,"href":"https:\/\/tvbrazilusa.com\/pt\/wp-json\/wp\/v2\/posts\/95482\/revisions\/95484"}],"wp:featuredmedia":[{"embeddable":true,"href":"https:\/\/tvbrazilusa.com\/pt\/wp-json\/wp\/v2\/media\/95483"}],"wp:attachment":[{"href":"https:\/\/tvbrazilusa.com\/pt\/wp-json\/wp\/v2\/media?parent=95482"}],"wp:term":[{"taxonomy":"category","embeddable":true,"href":"https:\/\/tvbrazilusa.com\/pt\/wp-json\/wp\/v2\/categories?post=95482"},{"taxonomy":"post_tag","embeddable":true,"href":"https:\/\/tvbrazilusa.com\/pt\/wp-json\/wp\/v2\/tags?post=95482"}],"curies":[{"name":"wp","href":"https:\/\/api.w.org\/{rel}","templated":true}]}}