{"id":95485,"date":"2025-01-24T23:18:37","date_gmt":"2025-01-24T23:18:37","guid":{"rendered":"https:\/\/tvbrazilusa.com\/2025\/01\/24\/estudos-recentes-associam-o-ozempic-a-lesoes-no-nervo-optico-e-risco-de-cegueira\/"},"modified":"2025-01-24T23:18:39","modified_gmt":"2025-01-24T23:18:39","slug":"estudos-recentes-associam-o-ozempic-a-lesoes-no-nervo-optico-e-risco-de-cegueira","status":"publish","type":"post","link":"https:\/\/tvbrazilusa.com\/pt\/2025\/01\/24\/estudos-recentes-associam-o-ozempic-a-lesoes-no-nervo-optico-e-risco-de-cegueira\/","title":{"rendered":"Estudos recentes associam o Ozempic a les\u00f5es no nervo \u00f3ptico e risco de cegueira"},"content":{"rendered":"<p> <script async src=\"https:\/\/pagead2.googlesyndication.com\/pagead\/js\/adsbygoogle.js?client=ca-pub-8864793242727901\"\r\n     crossorigin=\"anonymous\"><\/script><br \/>\n<\/p>\n<div id=\"taboola-read-more\" style=\"display:block; width:100%\">\n<p>Pacientes com diabetes tipo 2, tratados com o medicamento Ozempic, t\u00eam um risco aumentado de desenvolver danos no nervo \u00f3ptico do olho, o que pode levar \u00e0 perda grave e permanente da vis\u00e3o, apontam dois estudos independentes feitos na Universidade do Sul da Dinamarca (SDU) \u2014 ambos s\u00e3o baseados em registros dinamarqueses e s\u00e3o os maiores do mundo.\n<\/p>\n<p>As novas pesquisas foram baseadas em registros do SDU e confirmam uma preocupa\u00e7\u00e3o que foi levantada no in\u00edcio deste ano em um estudo americano menor. No estudo americano, foi observado que Ozempic mais que dobra o risco para NAION (neuropatia \u00f3ptica isqu\u00eamica anterior n\u00e3o arter\u00edtica), uma rara condi\u00e7\u00e3o que causa danos ao nervo \u00f3ptico do olho.<\/p>\n<p>Em estudos separados, Jakob Grauslund, Professor de Oftalmologia, e Anton Potteg\u00e5rd, Professor de Farmac\u00eautica, usaram dois m\u00e9todos diferentes para investigar todos os usu\u00e1rios dinamarqueses de Ozempic. Ao todo foram examinados 424.152 pacientes dinamarqueses com diabetes tipo 2.\n<\/p>\n<p>\u201cNotamos que desde que o Ozempic chegou ao mercado em 2018, o n\u00famero de casos de NAION na Dinamarca cresceu. Enquanto costum\u00e1vamos ver entre 60 e 70 casos de NAION por ano, agora estamos vendo at\u00e9 150. Al\u00e9m disso, notamos que os pacientes que v\u00eam ao hospital devido \u00e0 NAION s\u00e3o mais frequentemente pacientes com diabetes tipo 2\u201d, afirmou Grauslund, Professor de Oftalmologia no Departamento de Pesquisa Cl\u00ednica da SDU.\n<\/p>\n<p>No estudo, os pesquisadores dividiram os pacientes em dois grupos: aqueles que foram tratados com Ozempic e aqueles que receberam outro tratamento. Anton Potteg\u00e5rd e seu grupo de pesquisa, que s\u00e3o especialistas em uso de medicamentos, examinaram de perto uma amostra menor, por\u00e9m mais espec\u00edfica, do grupo de pacientes com diabetes tipo 2.\n<\/p>\n<p>Eles compararam novos usu\u00e1rios de Ozempic com usu\u00e1rios de outro medicamento usado no tratamento de diabetes que est\u00e3o no mesmo est\u00e1gio da doen\u00e7a.\n<\/p>\n<p>&#8220;N\u00f3s observamos todos os pacientes dinamarqueses e noruegueses com diabetes que come\u00e7aram o tratamento com Ozempic e os comparamos com pessoas que come\u00e7aram o tratamento com outro medicamento. Como foi o caso de Jakob Grauslund, n\u00f3s descobrimos que o risco de desenvolver NAION dobra se voc\u00ea tomar Ozempic&#8221;, explica Potteg\u00e5rd, Professor de Farmac\u00eautica no Departamento de Sa\u00fade P\u00fablica.\n<\/p>\n<p>Os cientistas comprovaram o estudo americano, mostrando que de fato Ozempic aumenta o risco de desenvolver NAION e que isso se aplica a todos com diabetes tipo 2. Entretanto, mostraram que o n\u00famero de pessoas afetadas \u00e9 menor do que o encontrado no estudo americano.\n<\/p>\n<p>Segundo os pesquisadores, o maior n\u00famero de casos no estudo americano pode ser devido ao foco em um grupo limitado de pacientes e porque os dados americanos t\u00eam uma s\u00e9rie de limita\u00e7\u00f5es que n\u00e3o s\u00e3o aplic\u00e1veis nos registros de sa\u00fade escandinavos.\n<\/p>\n<p>\u201cO estudo americano prop\u00f5e uma hip\u00f3tese sobre uma poss\u00edvel associa\u00e7\u00e3o, ent\u00e3o era importante investigar se ela poderia ser confirmada em estudos de acompanhamento com melhores fontes de dados \u2014 fontes de dados como aquelas \u00e0s quais temos acesso na regi\u00e3o n\u00f3rdica\u201d, explica Potteg\u00e5rd.\n<\/p>\n<p>Os cientistas esperam que os resultados sejam usados por m\u00e9dicos e pacientes para discutir os pr\u00f3s e contras do tratamento com Ozempic.\n<\/p>\n<p>Em posicionamento enviado ao GLOBO por e-mail, a Novo Nordisk, fabricante do Ozempic, afirma que que &#8220;os dados cumulativos sobre a semaglutida n\u00e3o sugerem uma rela\u00e7\u00e3o causal entre a NAION e a semaglutida&#8221; e ressalta que o &#8220;perfil de benef\u00edcio-risco da semaglutida permanece inalterado&#8221;. Confira abaixo o comunicado na \u00edntegra:\n<\/p>\n<p>&#8220;A seguran\u00e7a do paciente \u00e9 uma prioridade m\u00e1xima para a Novo Nordisk, levamos muito a s\u00e9rio todos os relatos sobre eventos adversos decorrentes do uso de nossos medicamentos.\n<\/p>\n<p>A Novo Nordisk avaliou todas as fontes de dados relevantes para a NAION em rela\u00e7\u00e3o aos produtos com semaglutida, incluindo dados da literatura cient\u00edfica, dados n\u00e3o cl\u00ednicos, dados de ensaios cl\u00ednicos, dados p\u00f3s-comercializa\u00e7\u00e3o, bem como a revis\u00e3o do Sistema de Notifica\u00e7\u00e3o de Eventos Adversos da FDA (FAERS) e os r\u00f3tulos de produtos da classe. Os dados cumulativos sobre a semaglutida n\u00e3o sugerem uma rela\u00e7\u00e3o causal entre a NAION e a semaglutida.\n<\/p>\n<p>A NAION n\u00e3o \u00e9 uma rea\u00e7\u00e3o adversa aos medicamentos comercializados com semaglutida (Ozempic, Rybelsus e Wegovy), de acordo com os r\u00f3tulos aprovados. Ap\u00f3s uma avalia\u00e7\u00e3o minuciosa do estudo conduzido por Simonsen et al. e da avalia\u00e7\u00e3o interna de seguran\u00e7a, a Novo Nordisk acredita que o perfil de benef\u00edcio-risco da semaglutida permanece inalterado.\n<\/p>\n<p>A semaglutida foi estudada em robustos programas de desenvolvimento cl\u00ednico (SUSTAIN, PIONEER, STEP, SELECT, OASIS) com mais de 37.000 pacientes expostos \u00e0 semaglutida e exposi\u00e7\u00e3o proveniente do uso p\u00f3scomercializa\u00e7\u00e3o de mais de 22 milh\u00f5es de anos-paciente.\n<\/p>\n<p>A Novo Nordisk tamb\u00e9m conduziu uma an\u00e1lise em ensaios cl\u00ednicos randomizados controlados de GLP-1RA, incluindo uma avalia\u00e7\u00e3o cega por oftalmologistas para confirmar diagn\u00f3sticos de NAION. Por meio dessa an\u00e1lise, foram identificados apenas alguns casos de NAION confirmados por oftalmologistas, sem nenhum desequil\u00edbrio que desfavorecesse os GLP-1 RAs da Novo Nordisk.&#8221;\n<\/p>\n<p>Fonte: ICTQ              <\/p>\n<\/div>\n<p><br \/>\n<br \/><a href=\"https:\/\/diariodobrasilnoticias.com.br\/noticia\/estudos-recentes-associam-o-ozempic-a-lesoes-no-nervo-optico-e-risco-de-cegueira-6793fa6af0833\">Source link <\/a><\/p>","protected":false},"excerpt":{"rendered":"<p>Pacientes com diabetes tipo 2, tratados com o medicamento Ozempic, t\u00eam um risco aumentado de desenvolver danos no nervo \u00f3ptico do olho, o que pode levar \u00e0 perda grave e&hellip;<\/p>","protected":false},"author":1,"featured_media":95486,"comment_status":"closed","ping_status":"open","sticky":false,"template":"","format":"standard","meta":{"content-type":"","footnotes":""},"categories":[16],"tags":[123,2448,5313,1267],"class_list":["post-95485","post","type-post","status-publish","format-standard","has-post-thumbnail","hentry","category-noticias","tag-brasil","tag-diario","tag-noticia","tag-noticias"],"_links":{"self":[{"href":"https:\/\/tvbrazilusa.com\/pt\/wp-json\/wp\/v2\/posts\/95485","targetHints":{"allow":["GET"]}}],"collection":[{"href":"https:\/\/tvbrazilusa.com\/pt\/wp-json\/wp\/v2\/posts"}],"about":[{"href":"https:\/\/tvbrazilusa.com\/pt\/wp-json\/wp\/v2\/types\/post"}],"author":[{"embeddable":true,"href":"https:\/\/tvbrazilusa.com\/pt\/wp-json\/wp\/v2\/users\/1"}],"replies":[{"embeddable":true,"href":"https:\/\/tvbrazilusa.com\/pt\/wp-json\/wp\/v2\/comments?post=95485"}],"version-history":[{"count":1,"href":"https:\/\/tvbrazilusa.com\/pt\/wp-json\/wp\/v2\/posts\/95485\/revisions"}],"predecessor-version":[{"id":95487,"href":"https:\/\/tvbrazilusa.com\/pt\/wp-json\/wp\/v2\/posts\/95485\/revisions\/95487"}],"wp:featuredmedia":[{"embeddable":true,"href":"https:\/\/tvbrazilusa.com\/pt\/wp-json\/wp\/v2\/media\/95486"}],"wp:attachment":[{"href":"https:\/\/tvbrazilusa.com\/pt\/wp-json\/wp\/v2\/media?parent=95485"}],"wp:term":[{"taxonomy":"category","embeddable":true,"href":"https:\/\/tvbrazilusa.com\/pt\/wp-json\/wp\/v2\/categories?post=95485"},{"taxonomy":"post_tag","embeddable":true,"href":"https:\/\/tvbrazilusa.com\/pt\/wp-json\/wp\/v2\/tags?post=95485"}],"curies":[{"name":"wp","href":"https:\/\/api.w.org\/{rel}","templated":true}]}}