{"id":95488,"date":"2025-01-24T23:23:13","date_gmt":"2025-01-24T23:23:13","guid":{"rendered":"https:\/\/tvbrazilusa.com\/2025\/01\/24\/marcos-de-connecticut-para-iluminar-o-amarelo-para-o-dia-do-holocausto\/"},"modified":"2025-01-24T23:24:51","modified_gmt":"2025-01-24T23:24:51","slug":"marcos-de-connecticut-para-iluminar-o-amarelo-para-o-dia-do-holocausto","status":"publish","type":"post","link":"https:\/\/tvbrazilusa.com\/pt\/2025\/01\/24\/marcos-de-connecticut-para-iluminar-o-amarelo-para-o-dia-do-holocausto\/","title":{"rendered":"Marcos de Connecticut para iluminar o amarelo para o Dia do Holocausto"},"content":{"rendered":"<script async src=\"https:\/\/pagead2.googlesyndication.com\/pagead\/js\/adsbygoogle.js?client=ca-pub-8864793242727901\"\r\n     crossorigin=\"anonymous\"><\/script>\n<p>NEW HAVEN, Connecticut (WTNH) &#8211; O Centro de Schleifer de Chapel Haven vai &#8220;sacudir o interruptor&#8221; e brilhar luzes amarelas para comemorar o Holocausto.<\/p>\n<div class=\"nlp-ignore-block article-content rich-text\">\n<aside class=\"promo-link\">\n\t<a href=\"https:\/\/www.wtnh.com\/news\/connecticut\/new-haven\/new-haven-leaders-kick-off-free-tax-prep-program\/?ipid=promo-link-block1\" class=\"promo-link__link\" target=\"\"_blank\"\"><\/p>\n<p>\t\tOs l\u00edderes de New Haven iniciam o programa de prepara\u00e7\u00e3o de impostos gratuita\t<\/a><br \/>\n<\/aside>\n<\/div>\n<p>Muitos edif\u00edcios de refer\u00eancia na regi\u00e3o participam do evento, que acontece no Dia Internacional do Holocausto em 27 de janeiro. Esse dia da hist\u00f3ria marca o dia em que o campo de concentra\u00e7\u00e3o de Auschwitz foi libertado em 1945.<\/p>\n<p>&#8220;Hoje toda a comunidade est\u00e1 conosco em un\u00edssono. Todos nos lembramos do que pode acontecer quando o homem esquece sua humanidade e agradecemos &#8230; todos voc\u00eas pelo que fizeram por ficar conosco&#8221;, Fay Sheppard, um sobrevivente do Holocausto de segunda gera\u00e7\u00e3o , disse.<\/p>\n<p>O programa de luzes amarelas come\u00e7ou em Nova York em 2022.<\/p>\n<p><br \/>\n<br \/><a href=\"https:\/\/www.wtnh.com\/news\/connecticut\/new-haven\/connecticut-landmarks-to-light-up-yellow-for-holocaust-remembrance-day\/\">Source link <\/a><\/p>","protected":false},"excerpt":{"rendered":"<p>NEW HAVEN, Connecticut (WTNH) &#8211; O Centro de Schleifer de Chapel Haven vai &#8220;sacudir o interruptor&#8221; e brilhar luzes amarelas para comemorar o Holocausto. Os l\u00edderes de New Haven iniciam&hellip;<\/p>","protected":false},"author":1,"featured_media":95489,"comment_status":"closed","ping_status":"open","sticky":false,"template":"","format":"standard","meta":{"content-type":"","footnotes":""},"categories":[1],"tags":[],"class_list":["post-95488","post","type-post","status-publish","format-standard","has-post-thumbnail","hentry","category-uncategorized"],"_links":{"self":[{"href":"https:\/\/tvbrazilusa.com\/pt\/wp-json\/wp\/v2\/posts\/95488","targetHints":{"allow":["GET"]}}],"collection":[{"href":"https:\/\/tvbrazilusa.com\/pt\/wp-json\/wp\/v2\/posts"}],"about":[{"href":"https:\/\/tvbrazilusa.com\/pt\/wp-json\/wp\/v2\/types\/post"}],"author":[{"embeddable":true,"href":"https:\/\/tvbrazilusa.com\/pt\/wp-json\/wp\/v2\/users\/1"}],"replies":[{"embeddable":true,"href":"https:\/\/tvbrazilusa.com\/pt\/wp-json\/wp\/v2\/comments?post=95488"}],"version-history":[{"count":1,"href":"https:\/\/tvbrazilusa.com\/pt\/wp-json\/wp\/v2\/posts\/95488\/revisions"}],"predecessor-version":[{"id":95490,"href":"https:\/\/tvbrazilusa.com\/pt\/wp-json\/wp\/v2\/posts\/95488\/revisions\/95490"}],"wp:featuredmedia":[{"embeddable":true,"href":"https:\/\/tvbrazilusa.com\/pt\/wp-json\/wp\/v2\/media\/95489"}],"wp:attachment":[{"href":"https:\/\/tvbrazilusa.com\/pt\/wp-json\/wp\/v2\/media?parent=95488"}],"wp:term":[{"taxonomy":"category","embeddable":true,"href":"https:\/\/tvbrazilusa.com\/pt\/wp-json\/wp\/v2\/categories?post=95488"},{"taxonomy":"post_tag","embeddable":true,"href":"https:\/\/tvbrazilusa.com\/pt\/wp-json\/wp\/v2\/tags?post=95488"}],"curies":[{"name":"wp","href":"https:\/\/api.w.org\/{rel}","templated":true}]}}