{"id":95491,"date":"2025-01-24T23:33:03","date_gmt":"2025-01-24T23:33:03","guid":{"rendered":"https:\/\/tvbrazilusa.com\/2025\/01\/24\/marcal-bolsonaro-so-considera-candidato-quem-e-parente-dele\/"},"modified":"2025-01-24T23:33:05","modified_gmt":"2025-01-24T23:33:05","slug":"marcal-bolsonaro-so-considera-candidato-quem-e-parente-dele","status":"publish","type":"post","link":"https:\/\/tvbrazilusa.com\/pt\/2025\/01\/24\/marcal-bolsonaro-so-considera-candidato-quem-e-parente-dele\/","title":{"rendered":"Mar\u00e7al: &#8216;Bolsonaro s\u00f3 considera candidato quem \u00e9 parente dele&#8217;"},"content":{"rendered":"<p> <script async src=\"https:\/\/pagead2.googlesyndication.com\/pagead\/js\/adsbygoogle.js?client=ca-pub-8864793242727901\"\r\n     crossorigin=\"anonymous\"><\/script><br \/>\n<\/p>\n<div id=\"taboola-read-more\" style=\"display:block; width:100%\">\n<p>O empres\u00e1rio Pablo Mar\u00e7al (PRTB) afirmou que o ex-presidente Jair Bolsonaro (PL) \u201cs\u00f3 considera candidato quem \u00e9 parente dele\u201d na forma\u00e7\u00e3o de cen\u00e1rio para a disputa pela presid\u00eancia da Rep\u00fablica em 2026. Ap\u00f3s ser chamado de \u201ccarta fora do Baralho\u201d, Mar\u00e7al respondeu a Bolsonaro, dizendo que o ex-presidente \u201cest\u00e1 fora do jogo\u201d.\n<\/p>\n<p>\u201cCarta fora do baralho de Bolsonaro, que est\u00e1 fora do jogo. Por que ele faria coment\u00e1rios sobre uma carta fora do baralho? O Bolsonaro s\u00f3 considera candidato quem \u00e9 parente dele\u201d, afirmou Mar\u00e7al \u00e0 CNN.<\/p>\n<p>O empres\u00e1rio Pablo Mar\u00e7al (PRTB) afirmou que o ex-presidente Jair Bolsonaro (PL) \u201cs\u00f3 considera candidato quem \u00e9 parente dele\u201d na forma\u00e7\u00e3o de cen\u00e1rio para a disputa pela presid\u00eancia da Rep\u00fablica em 2026. Ap\u00f3s ser chamado de \u201ccarta fora do Baralho\u201d, Mar\u00e7al respondeu a Bolsonaro, dizendo que o ex-presidente \u201cest\u00e1 fora do jogo\u201d.\n<\/p>\n<p>\u201cCarta fora do baralho de Bolsonaro, que est\u00e1 fora do jogo. Por que ele faria coment\u00e1rios sobre uma carta fora do baralho? O Bolsonaro s\u00f3 considera candidato quem \u00e9 parente dele\u201d, afirmou Mar\u00e7al \u00e0 CNN.\n<\/p>\n<p>O desentendimento entre Mar\u00e7al e Bolsonaro come\u00e7ou durante a elei\u00e7\u00e3o para a prefeitura de S\u00e3o Paulo. O ex-mandat\u00e1rio reclamou que, ap\u00f3s receber Mar\u00e7al na sede do PL em Bras\u00edlia, o empres\u00e1rio divulgou que tinha recebido seu apoio para o pleito, quando, na verdade, o ex-presidente manteve o compromisso com a reelei\u00e7\u00e3o de Ricardo Nunes (PL-SP).\n<\/p>\n<p>Facada e cadeirada<br \/>Um dos epis\u00f3dios que provocou a rea\u00e7\u00e3o de Bolsonaro contra Mar\u00e7al foi a compara\u00e7\u00e3o feita por seus apoiadores entre a \u201ccadeirada\u201d que o empres\u00e1rio levou do apresentador Datena e o atentado que Bolsonaro sofreu.\n<\/p>\n<p>\u201cTem gente que faz tudo pelo poder, inclusive essas compara\u00e7\u00f5es absurdas. Querer comparar o tiro no Trump, a facada em mim, com ele [Mar\u00e7al] numa maca \u2026 Pelo amor de Deus\u201d, disse Bolsonaro, nesta sexta-feira, 20. Segundo o ex-presidente, entre os epis\u00f3dios do atentado contra ele e a cadeirada em Pablo Mar\u00e7al \u201ch\u00e1 uma dist\u00e2ncia muito grande\u201d.\n<\/p>\n<p>Bolsonaro disse que a postura de Mar\u00e7al teria o \u00fanico objetivo de \u201caproveitar esse momento [a cadeirada] para ganhar simpatia do povo em troca de votos\u201d.\n<\/p>\n<p>O presidente de honra do PL sugeriu ainda que Mar\u00e7al teria provocado Datena, usando palavras \u201cviolentas\u201d que feriram a \u201chonra\u201d do jornalista. \u201c\u00c9 um ato que eu condeno\u201d, refor\u00e7ou.\n<\/p>\n<p>Candidato \u00e0 prefeitura de S\u00e3o Paulo, Mar\u00e7al ficou em terceiro lugar na disputa municipal e anunciou recentemente que \u00e9 candidato \u00e0 presid\u00eancia da Rep\u00fabica.\n<\/p>\n<p>Fonte: O Antagonista              <\/p>\n<\/div>\n<p><br \/>\n<br \/><a href=\"https:\/\/diariodobrasilnoticias.com.br\/noticia\/marcal-bolsonaro-so-considera-candidato-quem-e-parente-dele-6793fdb04d66e\">Source link <\/a><\/p>","protected":false},"excerpt":{"rendered":"<p>O empres\u00e1rio Pablo Mar\u00e7al (PRTB) afirmou que o ex-presidente Jair Bolsonaro (PL) \u201cs\u00f3 considera candidato quem \u00e9 parente dele\u201d na forma\u00e7\u00e3o de cen\u00e1rio para a disputa pela presid\u00eancia da Rep\u00fablica&hellip;<\/p>","protected":false},"author":1,"featured_media":95492,"comment_status":"closed","ping_status":"open","sticky":false,"template":"","format":"standard","meta":{"content-type":"","footnotes":""},"categories":[16],"tags":[123,2448,5313,1267],"class_list":["post-95491","post","type-post","status-publish","format-standard","has-post-thumbnail","hentry","category-noticias","tag-brasil","tag-diario","tag-noticia","tag-noticias"],"_links":{"self":[{"href":"https:\/\/tvbrazilusa.com\/pt\/wp-json\/wp\/v2\/posts\/95491","targetHints":{"allow":["GET"]}}],"collection":[{"href":"https:\/\/tvbrazilusa.com\/pt\/wp-json\/wp\/v2\/posts"}],"about":[{"href":"https:\/\/tvbrazilusa.com\/pt\/wp-json\/wp\/v2\/types\/post"}],"author":[{"embeddable":true,"href":"https:\/\/tvbrazilusa.com\/pt\/wp-json\/wp\/v2\/users\/1"}],"replies":[{"embeddable":true,"href":"https:\/\/tvbrazilusa.com\/pt\/wp-json\/wp\/v2\/comments?post=95491"}],"version-history":[{"count":1,"href":"https:\/\/tvbrazilusa.com\/pt\/wp-json\/wp\/v2\/posts\/95491\/revisions"}],"predecessor-version":[{"id":95493,"href":"https:\/\/tvbrazilusa.com\/pt\/wp-json\/wp\/v2\/posts\/95491\/revisions\/95493"}],"wp:featuredmedia":[{"embeddable":true,"href":"https:\/\/tvbrazilusa.com\/pt\/wp-json\/wp\/v2\/media\/95492"}],"wp:attachment":[{"href":"https:\/\/tvbrazilusa.com\/pt\/wp-json\/wp\/v2\/media?parent=95491"}],"wp:term":[{"taxonomy":"category","embeddable":true,"href":"https:\/\/tvbrazilusa.com\/pt\/wp-json\/wp\/v2\/categories?post=95491"},{"taxonomy":"post_tag","embeddable":true,"href":"https:\/\/tvbrazilusa.com\/pt\/wp-json\/wp\/v2\/tags?post=95491"}],"curies":[{"name":"wp","href":"https:\/\/api.w.org\/{rel}","templated":true}]}}