{"id":95497,"date":"2025-01-24T23:42:12","date_gmt":"2025-01-24T23:42:12","guid":{"rendered":"https:\/\/tvbrazilusa.com\/2025\/01\/24\/debora-bergamasco-brasileiros-deportados-nao-terao-acolhimento-do-governo-veja-video\/"},"modified":"2025-01-24T23:42:14","modified_gmt":"2025-01-24T23:42:14","slug":"debora-bergamasco-brasileiros-deportados-nao-terao-acolhimento-do-governo-veja-video","status":"publish","type":"post","link":"https:\/\/tvbrazilusa.com\/pt\/2025\/01\/24\/debora-bergamasco-brasileiros-deportados-nao-terao-acolhimento-do-governo-veja-video\/","title":{"rendered":"D\u00e9bora Bergamasco: Brasileiros deportados n\u00e3o ter\u00e3o acolhimento do governo; VEJA V\u00cdDEO"},"content":{"rendered":"<p> <script async src=\"https:\/\/pagead2.googlesyndication.com\/pagead\/js\/adsbygoogle.js?client=ca-pub-8864793242727901\"\r\n     crossorigin=\"anonymous\"><\/script><br \/>\n<\/p>\n<div id=\"taboola-read-more\" style=\"display:block; width:100%\">\n<p>D\u00e9bora Bergamasco, jornalista da CNN Brasil, destacou em uma recente reportagem que os brasileiros deportados dos Estados Unidos n\u00e3o receber\u00e3o acolhimento do governo brasileiro, indicando uma preocupa\u00e7\u00e3o imediata com a pol\u00edtica de deporta\u00e7\u00e3o prometida pela nova administra\u00e7\u00e3o de Donald Trump.\n<\/p>\n<p><strong>ASSISTA:<\/strong><\/p>\n<p>Fonte: @cnnbrasil \/ X              <\/p>\n<\/div>\n<p><br \/>\n<br \/><a href=\"https:\/\/diariodobrasilnoticias.com.br\/noticia\/debora-bergamasco-brasileiros-deportados-nao-terao-acolhimento-do-governo-veja-video-6793fd5426193\">Source link <\/a><\/p>","protected":false},"excerpt":{"rendered":"<p>D\u00e9bora Bergamasco, jornalista da CNN Brasil, destacou em uma recente reportagem que os brasileiros deportados dos Estados Unidos n\u00e3o receber\u00e3o acolhimento do governo brasileiro, indicando uma preocupa\u00e7\u00e3o imediata com a&hellip;<\/p>","protected":false},"author":1,"featured_media":95498,"comment_status":"closed","ping_status":"open","sticky":false,"template":"","format":"standard","meta":{"content-type":"","footnotes":""},"categories":[16],"tags":[123,2448,5313,1267],"class_list":["post-95497","post","type-post","status-publish","format-standard","has-post-thumbnail","hentry","category-noticias","tag-brasil","tag-diario","tag-noticia","tag-noticias"],"_links":{"self":[{"href":"https:\/\/tvbrazilusa.com\/pt\/wp-json\/wp\/v2\/posts\/95497","targetHints":{"allow":["GET"]}}],"collection":[{"href":"https:\/\/tvbrazilusa.com\/pt\/wp-json\/wp\/v2\/posts"}],"about":[{"href":"https:\/\/tvbrazilusa.com\/pt\/wp-json\/wp\/v2\/types\/post"}],"author":[{"embeddable":true,"href":"https:\/\/tvbrazilusa.com\/pt\/wp-json\/wp\/v2\/users\/1"}],"replies":[{"embeddable":true,"href":"https:\/\/tvbrazilusa.com\/pt\/wp-json\/wp\/v2\/comments?post=95497"}],"version-history":[{"count":1,"href":"https:\/\/tvbrazilusa.com\/pt\/wp-json\/wp\/v2\/posts\/95497\/revisions"}],"predecessor-version":[{"id":95499,"href":"https:\/\/tvbrazilusa.com\/pt\/wp-json\/wp\/v2\/posts\/95497\/revisions\/95499"}],"wp:featuredmedia":[{"embeddable":true,"href":"https:\/\/tvbrazilusa.com\/pt\/wp-json\/wp\/v2\/media\/95498"}],"wp:attachment":[{"href":"https:\/\/tvbrazilusa.com\/pt\/wp-json\/wp\/v2\/media?parent=95497"}],"wp:term":[{"taxonomy":"category","embeddable":true,"href":"https:\/\/tvbrazilusa.com\/pt\/wp-json\/wp\/v2\/categories?post=95497"},{"taxonomy":"post_tag","embeddable":true,"href":"https:\/\/tvbrazilusa.com\/pt\/wp-json\/wp\/v2\/tags?post=95497"}],"curies":[{"name":"wp","href":"https:\/\/api.w.org\/{rel}","templated":true}]}}