{"id":95512,"date":"2025-01-24T22:45:12","date_gmt":"2025-01-24T22:45:12","guid":{"rendered":"https:\/\/tvbrazilusa.com\/2025\/01\/24\/contra-inflacao-rui-costa-sugere-que-povo-troque-laranja-por-outra-fruta-paulo-figueiredo\/"},"modified":"2025-01-25T00:19:35","modified_gmt":"2025-01-25T00:19:35","slug":"contra-inflacao-rui-costa-sugere-que-povo-troque-laranja-por-outra-fruta-paulo-figueiredo","status":"publish","type":"post","link":"https:\/\/tvbrazilusa.com\/pt\/2025\/01\/24\/contra-inflacao-rui-costa-sugere-que-povo-troque-laranja-por-outra-fruta-paulo-figueiredo\/","title":{"rendered":"Contra infla\u00e7\u00e3o, Rui Costa sugere que povo troque laranja por outra fruta \u2013 Paulo Figueiredo"},"content":{"rendered":"<p> <script async src=\"https:\/\/pagead2.googlesyndication.com\/pagead\/js\/adsbygoogle.js?client=ca-pub-8864793242727901\"\r\n     crossorigin=\"anonymous\"><\/script><br \/>\n<\/p>\n<div id=\"wtr-content\" data-bg=\"#FFFFFF\" data-fg=\"#006d91\" data-width=\"25\" data-mute=\"1\" data-fgopacity=\"1.00\" data-mutedopacity=\"0.5\" data-placement=\"bottom\" data-placement-offset=\"0\" data-content-offset=\"262\" data-placement-touch=\"bottom\" data-placement-offset-touch=\"0\" data-transparent=\"\" data-shadow=\"0\" data-touch=\"1\" data-non-touch=\"1\" data-comments=\"0\" data-commentsbg=\"transparent\" data-location=\"page\" data-mutedfg=\"#006d91\" data-endfg=\"#006d91\" data-rtl=\"\">\n<p class=\"has-small-font-size\">Foto \u2013 S\u00e9rgio Lima<\/p>\n<p>Recomenda\u00e7\u00e3o foi feita ap\u00f3s uma reuni\u00e3o para discutir pre\u00e7o dos alimentos e gerou repercuss\u00e3o nas redes sociais, com cr\u00edticas de opositores ao governo<\/p>\n<p>O ministro da Casa Civil, Rui Costa, disse nesta 6\u00aa feira (24.jan.2025) que o governo considera diminuir os impostos de alimentos exportados para que os pre\u00e7os caiam no mercado interno. Segundo ele,\u00a0<em>\u201cnada justifica\u201d<\/em>\u00a0os pre\u00e7os acima do patamar internacional.<\/p>\n<p><em>\u201cEnt\u00e3o, todo aquele produto que estiver com pre\u00e7o interno maior do que o pre\u00e7o externo, n\u00f3s vamos atuar de imediato, por exemplo, na al\u00edquota de importa\u00e7\u00e3o\u201d<\/em>, disse a jornalistas.<\/p>\n<p>Segundo o ministro, a equipe da Fazenda ainda vai estudar medidas de aperfei\u00e7oamentos dessa proposta e apresentar ao presidente\u00a0Luiz In\u00e1cio Lula da Silva\u00a0(PT).<\/p>\n<p><em>\u201cSe os pre\u00e7os desses produtos no mercado internacional estiverem mais baixos do que no mercado nacional, poder\u00e1 ser, rapidamente, em um prazo curt\u00edssimo de tempo, ap\u00f3s essa an\u00e1lise, reduzido a l\u00edquida de importa\u00e7\u00e3o desses produtos\u201d,<\/em>\u00a0disse.<\/p>\n<p>Lula convocou os ministros do setor econ\u00f4mico e aliment\u00edcio para reuni\u00e3o no Pal\u00e1cio do Planalto. Os ministros Carlos F\u00e1varo (Agricultura) e Paulo Teixeira (Desenvolvimento Agr\u00e1rio) fizeram apresenta\u00e7\u00f5es ao chefe do Executivo com estudos de evolu\u00e7\u00e3o de produtividade de safra brasileira de 2022 a 2024 e a perspectiva para 2025.<\/p>\n<p>O chefe da Casa Civil afirmou que os eventos clim\u00e1ticos de 2024, como as enchentes no Rio Grande do Sul e as queimadas em Estados do Centro-Oeste, prejudicaram a agricultura brasileira.<\/p>\n<p>Rui negou que o governo far\u00e1 tabelamento e congelamento de pre\u00e7os. Segundo ele, o presidente\u00a0Luiz In\u00e1cio Lula da Silva\u00a0(PT) at\u00e9 brincou que\u00a0<em>\u201cn\u00e3o ter\u00e1 fiscal do Lula nos supermercados e nas feiras\u201d<\/em>, em refer\u00eancia aos<em>\u00a0\u201cfiscais do Sarney\u201d.<\/em><\/p>\n<p><em>\u201cQuero reafirmar taxativamente: nenhuma medida heterodoxa ser\u00e1 adotada. N\u00e3o haver\u00e1 congelamento de pre\u00e7o, tabelamento nem \u2018fiscal do Lula\u2019\u201d<\/em>, declarou.<\/p>\n<p>Ademais, o chefe da Casa Civil disse que nunca houve a possibilidade de a cria\u00e7\u00e3o de uma rede estatal de supermercado ou de lojas para vender produtos aliment\u00edcios.<\/p>\n<h3 class=\"wp-block-heading\"><strong>PRE\u00c7OS DE ALIMENTOS<\/strong><\/h3>\n<p>O ministro do Desenvolvimento Social e Agr\u00e1rio, Paulo Teixeira,\u00a0disse\u00a0na 5\u00aa feira (23.jan) que a possibilidade de interven\u00e7\u00e3o do governo Lula nos pre\u00e7os dos alimentos foi um\u00a0<strong>equ\u00edvoco<\/strong>\u00a0na comunica\u00e7\u00e3o.<\/p>\n<p><em>\u201cIsso a\u00ed j\u00e1 foi corrigido\u00a0<\/em>[\u2026]<em>\u00a0O presidente\u00a0<\/em>[Lula]<em>\u00a0j\u00e1 falou e j\u00e1 afastou a possibilidade de interven\u00e7\u00e3o. A Casa Civil j\u00e1 esclareceu sobre tudo\u201d<\/em>, declarou.<\/p>\n<p>A declara\u00e7\u00e3o se deu em resposta ao chefe da Casa Civil, Rui Costa, que, na 4\u00aa feira (22.jan), em participa\u00e7\u00e3o no programa\u00a0<em>\u201cBom Dia, Ministro\u201d<\/em>, do\u00a0<em>CanalGov<\/em>, afirmou que o governo federal implementaria um\u00a0<em>\u201cconjunto de interven\u00e7\u00f5es\u201d<\/em>\u00a0para baratear os itens.<\/p>\n<p>Mais tarde, \u00e0\u00a0<em>CNN Brasil<\/em>, Rui Costa recuou e afirmou que a administra\u00e7\u00e3o petista prepara um pacote de<em>\u00a0\u201cmedidas\u201d<\/em>, n\u00e3o de\u00a0<em>\u201cinterven\u00e7\u00e3o\u201d<\/em>. No entanto, n\u00e3o deu detalhes de quais seriam essas iniciativas e nem prazo para serem implementadas.<\/p>\n<p>A infla\u00e7\u00e3o de alimentos em domic\u00edlios atingiu\u00a0<strong>8,23%<\/strong>\u00a0em 2024. A taxa desacelerou em dezembro no acumulado de 12 meses depois de ter uma longa sequ\u00eancia de alta ao longo de ano passado.<\/p>\n<p>A alta de pre\u00e7os dos produtos do setor foi um dos motivos para o IPCA (\u00cdndice Nacional de Pre\u00e7os ao Consumidor Amplo) ter\u00a0ficado de fora da meta\u00a0do\u00a0BC\u00a0(Banco Central), que \u00e9 de 3%, com toler\u00e2ncia de at\u00e9 4,5%. A infla\u00e7\u00e3o\u00a0fechou\u00a02024 a 4,83%.<\/p>\n<figure class=\"wp-block-image aligncenter size-large is-resized\"\/>\n<p>As carnes tiveram forte impacto na infla\u00e7\u00e3o do Brasil. Subiram 20,84% em 2024 e aumentaram a infla\u00e7\u00e3o em 0,52 ponto percentual.<\/p>\n<figure class=\"wp-block-image aligncenter size-large is-resized\"><\/figure>\n<p>Al\u00e9m das carnes, a infla\u00e7\u00e3o de alimentos em domic\u00edlios\u00a0foi impactada\u00a0pelo encarecimento do caf\u00e9 mo\u00eddo (+39,60%), do leite longa vida (+18,83%) e das frutas (+12,12%).<\/p>\n<figure class=\"wp-block-image aligncenter size-large is-resized\"><img decoding=\"async\" src=\"https:\/\/static.poder360.com.br\/2025\/01\/inflacao-fecha-2024-9-jan-2025-02-1-1536x1536.png\" alt=\"\" style=\"width:622px;height:auto\"\/><\/figure>\n<p><strong><a rel=\"nofollow\" target=\"_blank\" href=\"https:\/\/www.poder360.com.br\/poder-governo\/governo-estuda-reduzir-impostos-de-alimentos-para-diminuir-precos\/\">Source link<\/a><\/strong><\/p>\n<\/div>\n<p><br \/>\n<br \/><a href=\"https:\/\/tvfloridausa.com\/2025\/01\/24\/contra-inflacao-rui-costa-sugere-que-povo-troque-laranja-por-outra-fruta-paulo-figueiredo\/\">Source link <\/a><\/p>","protected":false},"excerpt":{"rendered":"<p>Foto \u2013 S\u00e9rgio Lima Recomenda\u00e7\u00e3o foi feita ap\u00f3s uma reuni\u00e3o para discutir pre\u00e7o dos alimentos e gerou repercuss\u00e3o nas redes sociais, com cr\u00edticas de opositores ao governo O ministro da&hellip;<\/p>","protected":false},"author":1,"featured_media":95513,"comment_status":"closed","ping_status":"open","sticky":false,"template":"","format":"standard","meta":{"content-type":"","footnotes":""},"categories":[22],"tags":[],"class_list":["post-95512","post","type-post","status-publish","format-standard","has-post-thumbnail","hentry","category-tv-florida-usa"],"_links":{"self":[{"href":"https:\/\/tvbrazilusa.com\/pt\/wp-json\/wp\/v2\/posts\/95512","targetHints":{"allow":["GET"]}}],"collection":[{"href":"https:\/\/tvbrazilusa.com\/pt\/wp-json\/wp\/v2\/posts"}],"about":[{"href":"https:\/\/tvbrazilusa.com\/pt\/wp-json\/wp\/v2\/types\/post"}],"author":[{"embeddable":true,"href":"https:\/\/tvbrazilusa.com\/pt\/wp-json\/wp\/v2\/users\/1"}],"replies":[{"embeddable":true,"href":"https:\/\/tvbrazilusa.com\/pt\/wp-json\/wp\/v2\/comments?post=95512"}],"version-history":[{"count":1,"href":"https:\/\/tvbrazilusa.com\/pt\/wp-json\/wp\/v2\/posts\/95512\/revisions"}],"predecessor-version":[{"id":95514,"href":"https:\/\/tvbrazilusa.com\/pt\/wp-json\/wp\/v2\/posts\/95512\/revisions\/95514"}],"wp:featuredmedia":[{"embeddable":true,"href":"https:\/\/tvbrazilusa.com\/pt\/wp-json\/wp\/v2\/media\/95513"}],"wp:attachment":[{"href":"https:\/\/tvbrazilusa.com\/pt\/wp-json\/wp\/v2\/media?parent=95512"}],"wp:term":[{"taxonomy":"category","embeddable":true,"href":"https:\/\/tvbrazilusa.com\/pt\/wp-json\/wp\/v2\/categories?post=95512"},{"taxonomy":"post_tag","embeddable":true,"href":"https:\/\/tvbrazilusa.com\/pt\/wp-json\/wp\/v2\/tags?post=95512"}],"curies":[{"name":"wp","href":"https:\/\/api.w.org\/{rel}","templated":true}]}}