{"id":95527,"date":"2025-01-25T01:11:20","date_gmt":"2025-01-25T01:11:20","guid":{"rendered":"https:\/\/tvbrazilusa.com\/2025\/01\/25\/protesto-de-terceirizados-da-saude-no-rn-continua-por-falta-de-pagamento-do-governo\/"},"modified":"2025-01-25T01:11:22","modified_gmt":"2025-01-25T01:11:22","slug":"protesto-de-terceirizados-da-saude-no-rn-continua-por-falta-de-pagamento-do-governo","status":"publish","type":"post","link":"https:\/\/tvbrazilusa.com\/pt\/2025\/01\/25\/protesto-de-terceirizados-da-saude-no-rn-continua-por-falta-de-pagamento-do-governo\/","title":{"rendered":"Protesto de terceirizados da sa\u00fade no RN continua por falta de pagamento do governo"},"content":{"rendered":"<p> <script async src=\"https:\/\/pagead2.googlesyndication.com\/pagead\/js\/adsbygoogle.js?client=ca-pub-8864793242727901\"\r\n     crossorigin=\"anonymous\"><\/script><br \/>\n<\/p>\n<div id=\"taboola-read-more\" style=\"display:block; width:100%\">\n<p>A sexta-feira (24) come\u00e7ou com mais um dia de protesto dos terceirizados da sa\u00fade do Rio Grande do Norte, ocasionada pela falta de pagamento do governo do estado. Ato acontece em frente ao hospital Walfredo Gurgel, em Natal.<\/p>\n<p>Eles ocupam um lado da pista, ent\u00e3o s\u00f3 h\u00e1 um lado livre para o tr\u00e1fego de ve\u00edculos. No v\u00eddeo, podemos ver que a popula\u00e7\u00e3o apoia, buzinando e gritando. Tamb\u00e9m podemos ouvir, quando os carros passam, pessoas que gritam \u201cfora F\u00e1tima!.<\/p>\n<p>De acordo com M\u00e1rcio Roberto, secret\u00e1rio-geral do SECHES-RN, a situa\u00e7\u00e3o dos trabalhadores tem gerado enormes preju\u00edzos financeiros. \u201cTem muita gente sendo despejada, n\u00e3o conseguem alugar im\u00f3veis devido ao hist\u00f3rico de atrasos quando descobrem com o que trabalham e acabam com o nome sujo\u201d, destaca. Informa\u00e7\u00f5es do Blog do BG.\n<\/p>\n<p>Fonte: @96fmnatal \/ Instagram\u00a0<\/p>\n<\/p><\/div>\n<p><br \/>\n<br \/><a href=\"https:\/\/diariodobrasilnoticias.com.br\/noticia\/protesto-de-terceirizados-da-saude-no-rn-continua-por-falta-de-pagamento-do-governo-679417e8c6605\">Source link <\/a><\/p>","protected":false},"excerpt":{"rendered":"<p>A sexta-feira (24) come\u00e7ou com mais um dia de protesto dos terceirizados da sa\u00fade do Rio Grande do Norte, ocasionada pela falta de pagamento do governo do estado. Ato acontece&hellip;<\/p>","protected":false},"author":1,"featured_media":95528,"comment_status":"closed","ping_status":"open","sticky":false,"template":"","format":"standard","meta":{"content-type":"","footnotes":""},"categories":[16],"tags":[123,2448,5313,1267],"class_list":["post-95527","post","type-post","status-publish","format-standard","has-post-thumbnail","hentry","category-noticias","tag-brasil","tag-diario","tag-noticia","tag-noticias"],"_links":{"self":[{"href":"https:\/\/tvbrazilusa.com\/pt\/wp-json\/wp\/v2\/posts\/95527","targetHints":{"allow":["GET"]}}],"collection":[{"href":"https:\/\/tvbrazilusa.com\/pt\/wp-json\/wp\/v2\/posts"}],"about":[{"href":"https:\/\/tvbrazilusa.com\/pt\/wp-json\/wp\/v2\/types\/post"}],"author":[{"embeddable":true,"href":"https:\/\/tvbrazilusa.com\/pt\/wp-json\/wp\/v2\/users\/1"}],"replies":[{"embeddable":true,"href":"https:\/\/tvbrazilusa.com\/pt\/wp-json\/wp\/v2\/comments?post=95527"}],"version-history":[{"count":1,"href":"https:\/\/tvbrazilusa.com\/pt\/wp-json\/wp\/v2\/posts\/95527\/revisions"}],"predecessor-version":[{"id":95529,"href":"https:\/\/tvbrazilusa.com\/pt\/wp-json\/wp\/v2\/posts\/95527\/revisions\/95529"}],"wp:featuredmedia":[{"embeddable":true,"href":"https:\/\/tvbrazilusa.com\/pt\/wp-json\/wp\/v2\/media\/95528"}],"wp:attachment":[{"href":"https:\/\/tvbrazilusa.com\/pt\/wp-json\/wp\/v2\/media?parent=95527"}],"wp:term":[{"taxonomy":"category","embeddable":true,"href":"https:\/\/tvbrazilusa.com\/pt\/wp-json\/wp\/v2\/categories?post=95527"},{"taxonomy":"post_tag","embeddable":true,"href":"https:\/\/tvbrazilusa.com\/pt\/wp-json\/wp\/v2\/tags?post=95527"}],"curies":[{"name":"wp","href":"https:\/\/api.w.org\/{rel}","templated":true}]}}