{"id":95550,"date":"2025-01-25T02:19:50","date_gmt":"2025-01-25T02:19:50","guid":{"rendered":"https:\/\/tvbrazilusa.com\/2025\/01\/25\/bomba-haddad-informa-a-bancada-evangelica-fim-da-isencao-fiscal-para-lideres-religiosos\/"},"modified":"2025-01-25T02:19:51","modified_gmt":"2025-01-25T02:19:51","slug":"bomba-haddad-informa-a-bancada-evangelica-fim-da-isencao-fiscal-para-lideres-religiosos","status":"publish","type":"post","link":"https:\/\/tvbrazilusa.com\/pt\/2025\/01\/25\/bomba-haddad-informa-a-bancada-evangelica-fim-da-isencao-fiscal-para-lideres-religiosos\/","title":{"rendered":"BOMBA: Haddad informa a bancada evang\u00e9lica fim da isen\u00e7\u00e3o fiscal para l\u00edderes religiosos"},"content":{"rendered":"<p> <script async src=\"https:\/\/pagead2.googlesyndication.com\/pagead\/js\/adsbygoogle.js?client=ca-pub-8864793242727901\"\r\n     crossorigin=\"anonymous\"><\/script><br \/>\n<\/p>\n<div id=\"taboola-read-more\" style=\"display:block; width:100%\">\n<p>Deputados da Frente Evang\u00e9lica do Congresso Nacional v\u00e3o se reunir nesta sexta-feira (19) com o ministro da Fazenda, Fernando Haddad, e com o secret\u00e1rio da Receita Federal, Robinson Barreirinhas.\n<\/p>\n<p>O encontro acontece a convite do minist\u00e9rio para tratar da anula\u00e7\u00e3o do Ato Declarat\u00f3rio No. 1, de julho de 2022, que concedia benef\u00edcios fiscais a l\u00edderes religiosos. A norma foi revogada na quarta-feira (17).<\/p>\n<p>No dia seguinte, Haddad ligou pessoalmente para deputados e senadores que acusam o governo de \u201cpersegui\u00e7\u00e3o\u201d.\n<\/p>\n<p>Apesar do car\u00e1ter institucional, alguns parlamentares apresentaram resist\u00eancia para participar da reuni\u00e3o. Isso porque, segundo apurou a CNN, a Receita Federal n\u00e3o deve rever a decis\u00e3o.\n<\/p>\n<p>O objetivo do encontro \u00e9 apenas esclarecer os motivos que levaram o governo a revogar o benef\u00edcio, concedido durante o governo Bolsonaro, em 2022.\n<\/p>\n<p>O deputado Silas C\u00e2mara, integrante da Frente, defende que a revoga\u00e7\u00e3o seja anulada. Segundo ele, sem o ato, o assunto fica sem regulamenta\u00e7\u00e3o e permite que o fiscal da Receita fa\u00e7a a interpreta\u00e7\u00e3o da lei da forma que quiser.\n<\/p>\n<p>\u201cO Ato n\u00e3o gera qualquer vantagem. \u00c9 t\u00e3o somente uma forma de regulamentar a lei, que \u00e9 clara. A aus\u00eancia de uma norma deixa o tema sem regulamenta\u00e7\u00e3o, possibilitando interpreta\u00e7\u00e3o diversas\u201d, disse.\n<\/p>\n<p>A discuss\u00e3o sobre o assunto ocorre no momento em que o governo estuda maneiras de melhorar o di\u00e1logo com o segmento evang\u00e9lico, em uma tentativa de ampliar a aprova\u00e7\u00e3o do governo e impactar os resultados das elei\u00e7\u00f5es municipais.\n<\/p>\n<p>Fonte: CNN Brasil              <\/p>\n<\/div>\n<p><br \/>\n<br \/><a href=\"https:\/\/diariodobrasilnoticias.com.br\/noticia\/bomba-haddad-informa-a-bancada-evangelica-fim-da-isencao-fiscal-para-lideres-religiosos-679424dde8df6\">Source link <\/a><\/p>","protected":false},"excerpt":{"rendered":"<p>Deputados da Frente Evang\u00e9lica do Congresso Nacional v\u00e3o se reunir nesta sexta-feira (19) com o ministro da Fazenda, Fernando Haddad, e com o secret\u00e1rio da Receita Federal, Robinson Barreirinhas. O&hellip;<\/p>","protected":false},"author":1,"featured_media":95551,"comment_status":"closed","ping_status":"open","sticky":false,"template":"","format":"standard","meta":{"content-type":"","footnotes":""},"categories":[16],"tags":[123,2448,5313,1267],"class_list":["post-95550","post","type-post","status-publish","format-standard","has-post-thumbnail","hentry","category-noticias","tag-brasil","tag-diario","tag-noticia","tag-noticias"],"_links":{"self":[{"href":"https:\/\/tvbrazilusa.com\/pt\/wp-json\/wp\/v2\/posts\/95550","targetHints":{"allow":["GET"]}}],"collection":[{"href":"https:\/\/tvbrazilusa.com\/pt\/wp-json\/wp\/v2\/posts"}],"about":[{"href":"https:\/\/tvbrazilusa.com\/pt\/wp-json\/wp\/v2\/types\/post"}],"author":[{"embeddable":true,"href":"https:\/\/tvbrazilusa.com\/pt\/wp-json\/wp\/v2\/users\/1"}],"replies":[{"embeddable":true,"href":"https:\/\/tvbrazilusa.com\/pt\/wp-json\/wp\/v2\/comments?post=95550"}],"version-history":[{"count":1,"href":"https:\/\/tvbrazilusa.com\/pt\/wp-json\/wp\/v2\/posts\/95550\/revisions"}],"predecessor-version":[{"id":95552,"href":"https:\/\/tvbrazilusa.com\/pt\/wp-json\/wp\/v2\/posts\/95550\/revisions\/95552"}],"wp:featuredmedia":[{"embeddable":true,"href":"https:\/\/tvbrazilusa.com\/pt\/wp-json\/wp\/v2\/media\/95551"}],"wp:attachment":[{"href":"https:\/\/tvbrazilusa.com\/pt\/wp-json\/wp\/v2\/media?parent=95550"}],"wp:term":[{"taxonomy":"category","embeddable":true,"href":"https:\/\/tvbrazilusa.com\/pt\/wp-json\/wp\/v2\/categories?post=95550"},{"taxonomy":"post_tag","embeddable":true,"href":"https:\/\/tvbrazilusa.com\/pt\/wp-json\/wp\/v2\/tags?post=95550"}],"curies":[{"name":"wp","href":"https:\/\/api.w.org\/{rel}","templated":true}]}}