{"id":95832,"date":"2025-01-25T23:13:24","date_gmt":"2025-01-25T23:13:24","guid":{"rendered":"https:\/\/tvbrazilusa.com\/2025\/01\/25\/datena-sugere-que-ganha-pouco-no-sbt-e-reclama-da-audiencia-ao-vivo\/"},"modified":"2025-01-25T23:13:26","modified_gmt":"2025-01-25T23:13:26","slug":"datena-sugere-que-ganha-pouco-no-sbt-e-reclama-da-audiencia-ao-vivo","status":"publish","type":"post","link":"https:\/\/tvbrazilusa.com\/pt\/2025\/01\/25\/datena-sugere-que-ganha-pouco-no-sbt-e-reclama-da-audiencia-ao-vivo\/","title":{"rendered":"Datena sugere que ganha pouco no SBT e reclama da audi\u00eancia ao vivo"},"content":{"rendered":"<p> <script async src=\"https:\/\/pagead2.googlesyndication.com\/pagead\/js\/adsbygoogle.js?client=ca-pub-8864793242727901\"\r\n     crossorigin=\"anonymous\"><\/script><br \/>\n<\/p>\n<div>\n<figure class=\"post-image\">\n<\/figure>\n<p>            <span style=\"font-size: 12px\">Foto: REPRODU\u00c7\u00c3O &#8220;Metr\u00f3poles&#8221;<\/span><\/p>\n<p>            <!-- end metas --><br \/>\n            <!-- ADS --><\/p>\n<div id=\"taboola-read-more\" style=\"display:block; width:100%\">\n<p>O SBT apostou alto na contrata\u00e7\u00e3o do\u00a0<a href=\"https:\/\/www.instagram.com\/fabiaoliveira_\/\" target=\"_blank\" rel=\"noopener noreferrer\"><strong>jornalista Jos\u00e9 Luiz Datena<\/strong><\/a>, que deixou a Band e concorreu ao cargo de prefeito da cidade de S\u00e3o Paulo nas elei\u00e7\u00f5es de outubro de 2024, mas a audi\u00eancia ainda n\u00e3o reagiu. Os resultados no ibope abaixo do esperado irritaram o apresentador, que fez um desabafo\u00a0<a href=\"https:\/\/www.metropoles.com\/colunas\/fabia-oliveira\/datena-surpreende-ao-revelar-que-assinou-contrato-com-a-globo\" target=\"_blank\" rel=\"noopener noreferrer\"><strong>ao vivo durante o T\u00e1 na Hora<\/strong><\/a>\u00a0desta sexta-feira (24\/1).v\n<\/p>\n<p>Durante a atra\u00e7\u00e3o policial, Datena afirmou que n\u00e3o aceitou trabalhar no SBT \u201cpor dinheiro\u201d e que tamb\u00e9m estaria bem financeiramente se \u201cficasse em casa\u201d. Em seguida, ele reclamou dos \u00edndices de audi\u00eancia obtidos pelo T\u00e1 na Hora, e afirmou que trabalha \u201cpela equipe\u201d e para dar um resultado positivo para a emissora.<\/p>\n<h2>Ficar em casa?<\/h2>\n<p>\u201cPor dinheiro \u00e9 que eu n\u00e3o venho pra c\u00e1\u201d, disse Datena. \u201cO dinheiro que eu t\u00f4 ganhando aqui, se eu ficasse em casa tava bem tamb\u00e9m, n\u00e3o tem problema nenhum. Eu luto pelo trabalho. Luto pelos meus amigos de profiss\u00e3o\u201d, completou Datena.\n<\/p>\n<p>O apresentador do SBT aproveitou a oportunidade para mandar uma poss\u00edvel indireta. \u201cMe considero um bom colega, pelo menos n\u00e3o sou mau-car\u00e1ter de ficar rindo na frente dos outros e ficar pedindo pra mandar embora, isso n\u00e3o fa\u00e7o\u201d.\n<\/p>\n<p>Datena concluiu elogiando a qualidade t\u00e9cnica da emissora e dizendo que se esfor\u00e7a para elevar a audi\u00eancia do SBT. \u201cT\u00f4 surpreso, porque nunca tinha trabalhado aqui, pela qualidade dos profissionais t\u00e9cnicos do SBT, todos eles. Jornalistas tamb\u00e9m. Eu estou nervoso porque eu quero resultado positivo para toda a emissora (\u2026) A gente luta pelo melhor\u201d, encerrou o jornalista.\n<\/p>\n<div class=\"splide-container\">\n<div class=\"pre-slider\">\n<div class=\"splide__arrows\">\n<p>Datena concluiu elogiando a qualidade t\u00e9cnica da emissora e dizendo que se esfor\u00e7a para elevar a audi\u00eancia do SBT. \u201cT\u00f4 surpreso, porque nunca tinha trabalhado aqui, pela qualidade dos profissionais t\u00e9cnicos do SBT, todos eles. Jornalistas tamb\u00e9m. Eu estou nervoso porque eu quero resultado positivo para toda a emissora (\u2026) A gente luta pelo melhor\u201d, encerrou o jornalista.\n<\/p>\n<div class=\"splide-container\">\n<div class=\"pre-slider\">\n<div class=\"splide__arrows\">\n<h2>Contrato com a Globo<\/h2>\n<p>O apresentador Jos\u00e9 Luiz Datena surpreendeu aos telespectadores na quinta-feira (23\/1) ao revelar que chegou a assinar um contrato para trabalhar na Globo no come\u00e7o dos anos 2000. Na \u00e9poca, ele apresentava o Cidade Alerta, na Record, e sua poss\u00edvel ida para a emissora carioca foi impedida por Edir Macedo.\n<\/p>\n<ul>\n<li>Pouca gente sabe, mas eu cheguei a assinar um contrato com a Globo quando eu estava no Cidade Alerta. O bispo [Edir Macedo, dono da Record] quase me matou na \u00e9poca. Rasgou o contrato\u201d, explicou o jornalista.<\/li>\n<li>De acordo com Datena, as negocia\u00e7\u00f5es ocorreram no come\u00e7o dos anos 2000, mesma \u00e9poca em que a Globo fez uma s\u00e9rie de contrata\u00e7\u00f5es de peso, tirando Ana Maria Braga da Record, Serginho Groisman do SBT e Luciano Huck da Band.<\/li>\n<li>\u201cFoi a \u00e9poca que a Ana Maria foi, o Serginho [Groisman] e o Luciano Huck. Eu era o quarto contratado. Cheguei a assinar um contrato com Andr\u00e9 Dias [diretor da Globo na \u00e9poca] e depois o bispo rasgou e me deu tr\u00eas vezes mais que a Globo ia me pagar e eu fiquei na Record. Isso j\u00e1 faz 25 anos\u201d, completou o atual contratado do SBT.<\/li>\n<li>O apresentador ainda revelou qual atra\u00e7\u00e3o ele iria apresentar na emissora.<\/li>\n<li>\u201cAna Maria Braga me ajudou muito, foi ela quem disse \u2018Traz o Daten\u00e3o pra c\u00e1\u2019. Eu ia fazer o Linha Direta. Meu querido amigo Marcelo Rezende tinha sa\u00edda da Globo pra RedeTV! e eu ia fazer o Linha Direta. Cheguei a assinar o contrato\u201d, refor\u00e7ou Jos\u00e9 Luiz Datena.<\/li>\n<li>Pouca gente sabe, mas eu cheguei a assinar um contrato com a Globo quando eu estava no Cidade Alerta. O bispo [Edir Macedo, dono da Record] quase me matou na \u00e9poca. Rasgou o contrato\u201d, explicou o jornalista.<\/li>\n<li>De acordo com Datena, as negocia\u00e7\u00f5es ocorreram no come\u00e7o dos anos 2000, mesma \u00e9poca em que a Globo fez uma s\u00e9rie de contrata\u00e7\u00f5es de peso, tirando Ana Maria Braga da Record, Serginho Groisman do SBT e Luciano Huck da Band.<\/li>\n<li>\u201cFoi a \u00e9poca que a Ana Maria foi, o Serginho [Groisman] e o Luciano Huck. Eu era o quarto contratado. Cheguei a assinar um contrato com Andr\u00e9 Dias [diretor da Globo na \u00e9poca] e depois o bispo rasgou e me deu tr\u00eas vezes mais que a Globo ia me pagar e eu fiquei na Record. Isso j\u00e1 faz 25 anos\u201d, completou o atual contratado do SBT.<\/li>\n<li>O apresentador ainda revelou qual atra\u00e7\u00e3o ele iria apresentar na emissora.<\/li>\n<li>\u201cAna Maria Braga me ajudou muito, foi ela quem disse \u2018Traz o Daten\u00e3o pra c\u00e1\u2019. Eu ia fazer o Linha Direta. Meu querido amigo Marcelo Rezende tinha sa\u00edda da Globo pra RedeTV! e eu ia fazer o Linha Direta. Cheguei a assinar o contrato\u201d, refor\u00e7ou Jos\u00e9 Luiz Datena.<\/li>\n<li>Com informa\u00e7\u00f5es metr\u00f3poles<\/li>\n<\/ul>\n<\/div>\n<\/div>\n<\/div>\n<\/div>\n<\/div>\n<\/div><\/div>\n<p>                        <!-- Scripts para conteudo --><\/p>\n<p>            <!-- .\/Scripts para conteudo --><br \/>\n            <!-- .\/Mat\u00e9ria --><\/p>\n<div class=\"row mt-3\">\n<div class=\"col-sm-6\">\n                <!-- Whatsapp channel 3--><br \/>\n                <a href=\"https:\/\/chat.whatsapp.com\/B8Qy6Erx4kb6yTzj3kaDco\" target=\"_blank\"><br \/>\n                  <img decoding=\"async\" src=\"https:\/\/diariodobrasilnoticias.com.br\/assets-site\/images\/bot_whatsapp.png\"\/><\/a>\n              <\/div>\n<div class=\"col-sm-6\">\n                <a href=\"https:\/\/t.me\/+_4gTmi5LKo03OTM5\" target=\"_blank\"><br \/>\n                  <img decoding=\"async\" src=\"https:\/\/diariodobrasilnoticias.com.br\/assets-site\/images\/bot_telegram.png\"\/><\/a>\n              <\/div>\n<\/p><\/div>\n<p>            <!-- end post-navigation --><\/p>\n<p>              <!-- end row --><\/p>\n<p>              <!-- end col-12-->\n                      <\/div>\n<p><script async src=\"\/\/www.instagram.com\/embed.js\"><\/script><br \/>\n<br \/><br \/>\n<br \/><a href=\"https:\/\/diariodobrasilnoticias.com.br\/noticia\/datena-sugere-que-ganha-pouco-no-sbt-e-reclama-da-audiencia-ao-vivo-67956995d48d2\">Source link <\/a><\/p>","protected":false},"excerpt":{"rendered":"<p>Foto: REPRODU\u00c7\u00c3O &#8220;Metr\u00f3poles&#8221; O SBT apostou alto na contrata\u00e7\u00e3o do\u00a0jornalista Jos\u00e9 Luiz Datena, que deixou a Band e concorreu ao cargo de prefeito da cidade de S\u00e3o Paulo nas elei\u00e7\u00f5es&hellip;<\/p>","protected":false},"author":1,"featured_media":95833,"comment_status":"closed","ping_status":"open","sticky":false,"template":"","format":"standard","meta":{"content-type":"","footnotes":""},"categories":[16],"tags":[123,2448,5313,1267],"class_list":["post-95832","post","type-post","status-publish","format-standard","has-post-thumbnail","hentry","category-noticias","tag-brasil","tag-diario","tag-noticia","tag-noticias"],"_links":{"self":[{"href":"https:\/\/tvbrazilusa.com\/pt\/wp-json\/wp\/v2\/posts\/95832","targetHints":{"allow":["GET"]}}],"collection":[{"href":"https:\/\/tvbrazilusa.com\/pt\/wp-json\/wp\/v2\/posts"}],"about":[{"href":"https:\/\/tvbrazilusa.com\/pt\/wp-json\/wp\/v2\/types\/post"}],"author":[{"embeddable":true,"href":"https:\/\/tvbrazilusa.com\/pt\/wp-json\/wp\/v2\/users\/1"}],"replies":[{"embeddable":true,"href":"https:\/\/tvbrazilusa.com\/pt\/wp-json\/wp\/v2\/comments?post=95832"}],"version-history":[{"count":1,"href":"https:\/\/tvbrazilusa.com\/pt\/wp-json\/wp\/v2\/posts\/95832\/revisions"}],"predecessor-version":[{"id":95834,"href":"https:\/\/tvbrazilusa.com\/pt\/wp-json\/wp\/v2\/posts\/95832\/revisions\/95834"}],"wp:featuredmedia":[{"embeddable":true,"href":"https:\/\/tvbrazilusa.com\/pt\/wp-json\/wp\/v2\/media\/95833"}],"wp:attachment":[{"href":"https:\/\/tvbrazilusa.com\/pt\/wp-json\/wp\/v2\/media?parent=95832"}],"wp:term":[{"taxonomy":"category","embeddable":true,"href":"https:\/\/tvbrazilusa.com\/pt\/wp-json\/wp\/v2\/categories?post=95832"},{"taxonomy":"post_tag","embeddable":true,"href":"https:\/\/tvbrazilusa.com\/pt\/wp-json\/wp\/v2\/tags?post=95832"}],"curies":[{"name":"wp","href":"https:\/\/api.w.org\/{rel}","templated":true}]}}