{"id":95889,"date":"2025-01-26T09:18:56","date_gmt":"2025-01-26T09:18:56","guid":{"rendered":"https:\/\/tvbrazilusa.com\/2025\/01\/26\/equipamento-clandestino-que-fez-21-aeronaves-perderem-o-sinal-de-gps-em-minas-gerais-e-apreendido-pela-anatel\/"},"modified":"2025-01-26T09:18:59","modified_gmt":"2025-01-26T09:18:59","slug":"equipamento-clandestino-que-fez-21-aeronaves-perderem-o-sinal-de-gps-em-minas-gerais-e-apreendido-pela-anatel","status":"publish","type":"post","link":"https:\/\/tvbrazilusa.com\/pt\/2025\/01\/26\/equipamento-clandestino-que-fez-21-aeronaves-perderem-o-sinal-de-gps-em-minas-gerais-e-apreendido-pela-anatel\/","title":{"rendered":"Equipamento clandestino que fez 21 aeronaves perderem o sinal de GPS em Minas Gerais \u00e9 apreendido pela Anatel"},"content":{"rendered":"<p> <script async src=\"https:\/\/pagead2.googlesyndication.com\/pagead\/js\/adsbygoogle.js?client=ca-pub-8864793242727901\"\r\n     crossorigin=\"anonymous\"><\/script><br \/>\n<\/p>\n<div id=\"taboola-read-more\" style=\"display:block; width:100%\">\n<p>Fiscais da Anatel em Minas Gerais, em parceria com a Pol\u00edcia Militar, desativaram nesta sexta-feira, 24\/01, um equipamento clandestino de interfer\u00eancia de sinais, conhecido como Jammer, localizado na comunidade Aglomerado da Serra, em Belo Horizonte. O dispositivo estava causando s\u00e9rios preju\u00edzos \u00e0 navega\u00e7\u00e3o a\u00e9rea e \u00e0s opera\u00e7\u00f5es de seguran\u00e7a p\u00fablica na regi\u00e3o.\n<\/p>\n<p>A opera\u00e7\u00e3o foi deflagrada ap\u00f3s a Anatel receber dois relat\u00f3rios distintos e preocupantes. No dia 21 de janeiro, a empresa Nav Brasil, respons\u00e1vel pela gest\u00e3o dos servi\u00e7os de navega\u00e7\u00e3o a\u00e9rea do Aeroporto da Pampulha, acionou oficialmente a Ger\u00eancia Regional da Anatel no Estado de Minas Gerais, indicando que, entre os dias 17 e 21 de janeiro, 21 aeronaves haviam perdido o sinal de GPS ao sobrevoar o per\u00edmetro do aeroporto, sendo obrigadas a realizar pousos por instrumento. No dia seguinte, 22 de janeiro, a Pol\u00edcia Militar do Estado tamb\u00e9m solicitou apoio da Ag\u00eancia ap\u00f3s relatar falhas recorrentes no sinal de GPS durante o uso de drones em atividades de monitoramento na \u00e1rea.<\/p>\n<p>Com base nesses relat\u00f3rios, a Anatel mobilizou imediatamente duas equipes de fiscaliza\u00e7\u00e3o da Ger\u00eancia Regional para realizarem uma atividade de fiscaliza\u00e7\u00e3o nesta sexta-feira, dia 24 de janeiro. Em conjunto com a Pol\u00edcia Militar, no bairro Serra, foi detectado um sinal constante na faixa de uso do GPS na regi\u00e3o. Por meio de an\u00e1lises t\u00e9cnicas e goniometria do sinal, a fonte emissora foi localizada: um equipamento Jammer instalado no alto da Serra.\n<\/p>\n<p>Com equipamentos de alta precis\u00e3o e a expertise da equipe, foi poss\u00edvel localizar a fonte de interfer\u00eancia ainda pela manh\u00e3. A emiss\u00e3o foi interrompida, o dispositivo apreendido, e o respons\u00e1vel pela instala\u00e7\u00e3o foi conduzido pela Pol\u00edcia Militar \u00e0 sede da Pol\u00edcia Federal, em raz\u00e3o da gravidade da situa\u00e7\u00e3o.\n<\/p>\n<p>As infra\u00e7\u00f5es identificadas incluem:\n<\/p>\n<p>Uso n\u00e3o autorizado do espectro de radiofrequ\u00eancia;\n<\/p>\n<p>Uso de produto n\u00e3o homologado pela Anatel;\n<\/p>\n<p>Interfer\u00eancia prejudicial de alto risco \u00e0 vida, que comprometia tanto a seguran\u00e7a a\u00e9rea quanto as opera\u00e7\u00f5es de seguran\u00e7a p\u00fablica.\n<\/p>\n<p><strong>Proibi\u00e7\u00e3o do uso de bloqueadores<\/strong>\n<\/p>\n<p>O uso de bloqueadores de sinal por pessoas f\u00edsicas ou por pessoas jur\u00eddicas de direito privado, ainda que sejam empresas p\u00fablicas ou sociedades de economia mista e suas subsidi\u00e1rias, \u00e9 estritamente proibido pela legisla\u00e7\u00e3o brasileira. A instala\u00e7\u00e3o ou opera\u00e7\u00e3o desses dispositivos sem anu\u00eancia da Anatel ou em \u00e1reas diferentes das permitidas constitui atividade clandestina de telecomunica\u00e7\u00f5es, conforme previsto na Lei Geral de Telecomunica\u00e7\u00f5es (Lei n\u00ba 9.472\/1997). A infra\u00e7\u00e3o \u00e9 considerada crime, sujeita \u00e0 pena de dois a quatro anos de deten\u00e7\u00e3o.\n<\/p>\n<p>\u201cO uso de dispositivos como Jammers, al\u00e9m de ilegal, coloca em risco a seguran\u00e7a p\u00fablica e a avia\u00e7\u00e3o, especialmente em \u00e1reas densamente povoadas como Belo Horizonte. A Anatel segue comprometida em atuar de forma \u00e1gil e eficiente em casos que envolvem infra\u00e7\u00f5es graves \u00e0s normas de telecomunica\u00e7\u00f5es\u201d, destacou a superintendente de Fiscaliza\u00e7\u00e3o da Anatel, Gesilea Fonseca Teles.\n<\/p>\n<p>Fonte: Converg\u00eancia Digital              <\/p>\n<\/div>\n<p><br \/>\n<br \/><a href=\"https:\/\/diariodobrasilnoticias.com.br\/noticia\/equipamento-clandestino-que-fez-21-aeronaves-perderem-o-sinal-de-gps-em-minas-gerais-e-apreendido-pela-anatel-6795fdc91589a\">Source link <\/a><\/p>","protected":false},"excerpt":{"rendered":"<p>Fiscais da Anatel em Minas Gerais, em parceria com a Pol\u00edcia Militar, desativaram nesta sexta-feira, 24\/01, um equipamento clandestino de interfer\u00eancia de sinais, conhecido como Jammer, localizado na comunidade Aglomerado&hellip;<\/p>","protected":false},"author":1,"featured_media":95890,"comment_status":"closed","ping_status":"open","sticky":false,"template":"","format":"standard","meta":{"content-type":"","footnotes":""},"categories":[16],"tags":[123,2448,5313,1267],"class_list":["post-95889","post","type-post","status-publish","format-standard","has-post-thumbnail","hentry","category-noticias","tag-brasil","tag-diario","tag-noticia","tag-noticias"],"_links":{"self":[{"href":"https:\/\/tvbrazilusa.com\/pt\/wp-json\/wp\/v2\/posts\/95889","targetHints":{"allow":["GET"]}}],"collection":[{"href":"https:\/\/tvbrazilusa.com\/pt\/wp-json\/wp\/v2\/posts"}],"about":[{"href":"https:\/\/tvbrazilusa.com\/pt\/wp-json\/wp\/v2\/types\/post"}],"author":[{"embeddable":true,"href":"https:\/\/tvbrazilusa.com\/pt\/wp-json\/wp\/v2\/users\/1"}],"replies":[{"embeddable":true,"href":"https:\/\/tvbrazilusa.com\/pt\/wp-json\/wp\/v2\/comments?post=95889"}],"version-history":[{"count":1,"href":"https:\/\/tvbrazilusa.com\/pt\/wp-json\/wp\/v2\/posts\/95889\/revisions"}],"predecessor-version":[{"id":95891,"href":"https:\/\/tvbrazilusa.com\/pt\/wp-json\/wp\/v2\/posts\/95889\/revisions\/95891"}],"wp:featuredmedia":[{"embeddable":true,"href":"https:\/\/tvbrazilusa.com\/pt\/wp-json\/wp\/v2\/media\/95890"}],"wp:attachment":[{"href":"https:\/\/tvbrazilusa.com\/pt\/wp-json\/wp\/v2\/media?parent=95889"}],"wp:term":[{"taxonomy":"category","embeddable":true,"href":"https:\/\/tvbrazilusa.com\/pt\/wp-json\/wp\/v2\/categories?post=95889"},{"taxonomy":"post_tag","embeddable":true,"href":"https:\/\/tvbrazilusa.com\/pt\/wp-json\/wp\/v2\/tags?post=95889"}],"curies":[{"name":"wp","href":"https:\/\/api.w.org\/{rel}","templated":true}]}}