{"id":95892,"date":"2025-01-26T09:29:17","date_gmt":"2025-01-26T09:29:17","guid":{"rendered":"https:\/\/tvbrazilusa.com\/2025\/01\/26\/brasileiros-deportados-dos-eua-chegam-a-belo-horizonte\/"},"modified":"2025-01-26T09:29:18","modified_gmt":"2025-01-26T09:29:18","slug":"brasileiros-deportados-dos-eua-chegam-a-belo-horizonte","status":"publish","type":"post","link":"https:\/\/tvbrazilusa.com\/pt\/2025\/01\/26\/brasileiros-deportados-dos-eua-chegam-a-belo-horizonte\/","title":{"rendered":"Brasileiros deportados dos EUA chegam a Belo Horizonte"},"content":{"rendered":"<p> <script async src=\"https:\/\/pagead2.googlesyndication.com\/pagead\/js\/adsbygoogle.js?client=ca-pub-8864793242727901\"\r\n     crossorigin=\"anonymous\"><\/script><br \/>\n<\/p>\n<div id=\"taboola-read-more\" style=\"display:block; width:100%\">\n<p>O avi\u00e3o da For\u00e7a A\u00e9rea Brasileira (FAB) com os primeiros brasileiros deportados dos Estados Unidos ap\u00f3s a posse do presidente Donald Trump pousou no Aeroporto Internacional de Belo Horizonte, em Confins, por volta das 21h deste s\u00e1bado (25).\n<\/p>\n<p>A ministra dos Direitos Humanos, Maca\u00e9 Evaristo, estava no terminal para receber os brasileiros.<\/p>\n<p>A previs\u00e3o inicial era de que os 88 deportados chegassem a Confins na noite desta sexta-feira (24), mas a aeronave vinda dos EUA precisou pousar em Manaus ap\u00f3s apresentar um problema t\u00e9cnico. Quatro pessoas, que seguiriam para Rond\u00f4nia e Roraima, decidiram desembarcar na cidade.\n<\/p>\n<p>Inicialmente, a expectativa era de que o governo norte-americano enviasse outro avi\u00e3o para levar o grupo do Amazonas para Minas Gerais, mas o ministro da Justi\u00e7a e Seguran\u00e7a P\u00fablica, Ricardo Lewandowski, pediu um voo da FAB para o transporte.\n<\/p>\n<p>Ele orientou a Pol\u00edcia Federal a recepcionar os brasileiros, que chegaram ao pa\u00eds algemados, e determinou a retirada imediata das algemas.\n<\/p>\n<p>&#8220;Ao tomar conhecimento da situa\u00e7\u00e3o, o Presidente Lula determinou que uma aeronave da For\u00e7a A\u00e9rea Brasileira (FAB) fosse mobilizada para transportar os brasileiros at\u00e9 o destino final, de modo a garantir que possam completar a viagem com dignidade e seguran\u00e7a&#8221;, disse o Minist\u00e9rio da Justi\u00e7a por meio de nota.\n<\/p>\n<p>O avi\u00e3o da FAB decolou da Base A\u00e9rea de Bras\u00edlia no in\u00edcio da tarde e pousou em Manaus \u00e0s 14h45, hor\u00e1rio local. A viagem com destino a Confins come\u00e7ou por volta das 16h50, hor\u00e1rio tamb\u00e9m do Amazonas.\n<\/p>\n<p><strong>Viol\u00eancia dos agentes norte-americanos<\/strong>\n<\/p>\n<p>Passageiros do voo relataram que foram agredidos pelos agentes da imigra\u00e7\u00e3o dos Estados Unidos. Em conversa com o G1, Vitor Gustavo da Silva, natural de Rond\u00f4nia, disse que apanhou quando o voo chegou em Manaus, no Amazonas. Ele disse ainda que as condi\u00e7\u00f5es do avi\u00e3o eram bem ruins. Vitor morou nos Estados Unidos durante 20 anos.\n<\/p>\n<p>Jefferson Maia, outro brasileiro deportado, tamb\u00e9m falou que sofreu viol\u00eancia por parte dos agentes norte-americanos. Ele ficou 50 horas algemado sem \u00e1gua e sem acesso ao banheiro.\n<\/p>\n<p><strong>Segundo voo com deportados<\/strong>\n<\/p>\n<p>Este \u00e9 o primeiro voo vindo dos EUA com brasileiros deportados desde o in\u00edcio do novo governo do republicano Donald Trump.\n<\/p>\n<p>Neste ano, \u00e9 o segundo voo com deportados a desembarcar em Confins. O primeiro pousou em 10 de janeiro, com 100 pessoas a bordo, ainda durante a gest\u00e3o do democrata Joe Biden.\n<\/p>\n<p>Entre a noite de quinta-feira (23) e a manh\u00e3 de sexta (24), a porta-voz da Casa Branca, Karoline Leavitt, usou uma rede social para anunciar que 538 imigrantes ilegais, de diferentes origens, j\u00e1 foram presos desde a posse de Trump \u2014 incluindo um suspeito de terrorismo, quatro integrantes da gangue Tren de Aragua e outros condenados por crimes sexuais contra menores.\n<\/p>\n<p>Ela disse, ainda, que &#8220;centenas de imigrantes ilegais j\u00e1 foram deportados em aeronaves militares&#8221;, marcando o in\u00edcio do que ela chamou de &#8220;a maior opera\u00e7\u00e3o de deporta\u00e7\u00e3o em massa da hist\u00f3ria&#8221;.\n<\/p>\n<p>&#8220;Promessas feitas. Promessas cumpridas&#8221;, escreveu Leavitt.\n<\/p>\n<p><strong>Entenda<\/strong>\n<\/p>\n<p>A chegada quase semanal de brasileiros expulsos dos Estados Unidos come\u00e7ou em outubro de 2019, durante o primeiro mandato de Donald Trump, quando o republicano apertou o cerco contra imigrantes ilegais.\n<\/p>\n<p>Naquele ano, o ent\u00e3o presidente do Brasil, Jair Bolsonaro (PL), passou a permitir a entrada de avi\u00f5es fretados com deportados, o que n\u00e3o acontecia desde 2006.\n<\/p>\n<p><strong>Novas regras contra imigra\u00e7\u00e3o<\/strong>\n<\/p>\n<p>Ao tomar posse para um novo mandato na \u00faltima segunda-feira (20), o presidente americano Donald Trump anunciou uma s\u00e9rie de medidas para restringir a admiss\u00e3o de imigrantes de qualquer origem.\n<\/p>\n<p>O texto divulgado pela Casa Branca com as prioridades da gest\u00e3o cita &#8220;medidas ousadas para proteger nossa fronteira e as comunidades americanas&#8221;. Entre as a\u00e7\u00f5es elencadas, est\u00e3o:\n<\/p>\n<p>o restabelecimento da pol\u00edtica &#8220;Permane\u00e7a no M\u00e9xico&#8221;;\n<\/p>\n<p>a retomada da constru\u00e7\u00e3o do muro na fronteira entre Estados Unidos e M\u00e9xico;\n<\/p>\n<p>a puni\u00e7\u00e3o com pena de morte para imigrantes ilegais que assassinarem americanos;\n<\/p>\n<p>o fim do asilo a quem cruza a fronteira ilegalmente;\n<\/p>\n<p>uma grande opera\u00e7\u00e3o de deporta\u00e7\u00e3o de imigrantes ilegais;\n<\/p>\n<p>o envio das For\u00e7as Armadas, incluindo a Guarda Nacional, para a \u00e1rea da fronteira;\n<\/p>\n<p>e a classifica\u00e7\u00e3o de cart\u00e9is de drogas como &#8220;organiza\u00e7\u00f5es terroristas estrangeiras&#8221;, evocando a a Lei dos Inimigos Estrangeiros, de 1798.\n<\/p>\n<p>Trump tamb\u00e9m declarou &#8220;emerg\u00eancia&#8221; na fronteira entre EUA e M\u00e9xico, o que significa a autoriza\u00e7\u00e3o do envio de militares \u00e0 regi\u00e3o.\n<\/p>\n<p>Ainda no primeiro dia de mandato, Trump revogou cerca de 80 decretos do governo de Joe Biden referentes ao tema da imigra\u00e7\u00e3o. Entre ele, o que permitia a reunifica\u00e7\u00e3o de fam\u00edlias de imigrantes separadas na fronteira.\n<\/p>\n<p>Fonte: g1              <\/p>\n<\/div>\n<p><br \/>\n<br \/><a href=\"https:\/\/diariodobrasilnoticias.com.br\/noticia\/brasileiros-deportados-dos-eua-chegam-a-belo-horizonte-6796004883a35\">Source link <\/a><\/p>","protected":false},"excerpt":{"rendered":"<p>O avi\u00e3o da For\u00e7a A\u00e9rea Brasileira (FAB) com os primeiros brasileiros deportados dos Estados Unidos ap\u00f3s a posse do presidente Donald Trump pousou no Aeroporto Internacional de Belo Horizonte, em&hellip;<\/p>","protected":false},"author":1,"featured_media":95893,"comment_status":"closed","ping_status":"open","sticky":false,"template":"","format":"standard","meta":{"content-type":"","footnotes":""},"categories":[16],"tags":[123,2448,5313,1267],"class_list":["post-95892","post","type-post","status-publish","format-standard","has-post-thumbnail","hentry","category-noticias","tag-brasil","tag-diario","tag-noticia","tag-noticias"],"_links":{"self":[{"href":"https:\/\/tvbrazilusa.com\/pt\/wp-json\/wp\/v2\/posts\/95892","targetHints":{"allow":["GET"]}}],"collection":[{"href":"https:\/\/tvbrazilusa.com\/pt\/wp-json\/wp\/v2\/posts"}],"about":[{"href":"https:\/\/tvbrazilusa.com\/pt\/wp-json\/wp\/v2\/types\/post"}],"author":[{"embeddable":true,"href":"https:\/\/tvbrazilusa.com\/pt\/wp-json\/wp\/v2\/users\/1"}],"replies":[{"embeddable":true,"href":"https:\/\/tvbrazilusa.com\/pt\/wp-json\/wp\/v2\/comments?post=95892"}],"version-history":[{"count":1,"href":"https:\/\/tvbrazilusa.com\/pt\/wp-json\/wp\/v2\/posts\/95892\/revisions"}],"predecessor-version":[{"id":95894,"href":"https:\/\/tvbrazilusa.com\/pt\/wp-json\/wp\/v2\/posts\/95892\/revisions\/95894"}],"wp:featuredmedia":[{"embeddable":true,"href":"https:\/\/tvbrazilusa.com\/pt\/wp-json\/wp\/v2\/media\/95893"}],"wp:attachment":[{"href":"https:\/\/tvbrazilusa.com\/pt\/wp-json\/wp\/v2\/media?parent=95892"}],"wp:term":[{"taxonomy":"category","embeddable":true,"href":"https:\/\/tvbrazilusa.com\/pt\/wp-json\/wp\/v2\/categories?post=95892"},{"taxonomy":"post_tag","embeddable":true,"href":"https:\/\/tvbrazilusa.com\/pt\/wp-json\/wp\/v2\/tags?post=95892"}],"curies":[{"name":"wp","href":"https:\/\/api.w.org\/{rel}","templated":true}]}}