{"id":95906,"date":"2025-01-26T10:21:02","date_gmt":"2025-01-26T10:21:02","guid":{"rendered":"https:\/\/tvbrazilusa.com\/2025\/01\/26\/serial-killer-que-matava-vitimas-por-mau-comportamento-e-denunciado-formalmente-pelo-mp-de-alagoas-saiba-mais-detalhes-do-caso\/"},"modified":"2025-01-26T10:21:05","modified_gmt":"2025-01-26T10:21:05","slug":"serial-killer-que-matava-vitimas-por-mau-comportamento-e-denunciado-formalmente-pelo-mp-de-alagoas-saiba-mais-detalhes-do-caso","status":"publish","type":"post","link":"https:\/\/tvbrazilusa.com\/pt\/2025\/01\/26\/serial-killer-que-matava-vitimas-por-mau-comportamento-e-denunciado-formalmente-pelo-mp-de-alagoas-saiba-mais-detalhes-do-caso\/","title":{"rendered":"Serial killer que matava v\u00edtimas por &#8216;mau comportamento&#8217; \u00e9 denunciado formalmente pelo MP de Alagoas; saiba mais detalhes do caso"},"content":{"rendered":"<p> <script async src=\"https:\/\/pagead2.googlesyndication.com\/pagead\/js\/adsbygoogle.js?client=ca-pub-8864793242727901\"\r\n     crossorigin=\"anonymous\"><\/script><br \/>\n<\/p>\n<div id=\"taboola-read-more\" style=\"display:block; width:100%\">\n<p>O Minist\u00e9rio P\u00fablico de Alagoas (MPAL) apresentou den\u00fancia formal contra Albino Santos de Lima (foto em destaque), de 42 anos, apontado pela Pol\u00edcia Civil como o maior serial killer do estado. Ele \u00e9 acusado de ter cometido 10 homic\u00eddios, sendo sete mulheres e tr\u00eas homens, mas as autoridades n\u00e3o descartam que o n\u00famero de v\u00edtimas possa ser ainda maior.\n<\/p>\n<p>Ex-seguran\u00e7a do sistema prisional e filho de um policial militar aposentado, Albino foi preso sem resist\u00eancia em setembro de 2024, logo ap\u00f3s assassinar Ana Beatriz, de 13 anos, no dia do anivers\u00e1rio da m\u00e3e da menina. A jovem foi perseguida e baleada na cabe\u00e7a em uma arena esportiva de Macei\u00f3. Socorrida ao Hospital Geral do Estado (HGE), Ana Beatriz n\u00e3o resistiu aos ferimentos.<\/p>\n<p>Segundo as investiga\u00e7\u00f5es, Albino Santos se autodenominava um \u201cjusticeiro\u201d, alegando que escolhia suas v\u00edtimas com base no que ele considerava \u201ccomportamento inadequado\u201d ou supostas liga\u00e7\u00f5es com o tr\u00e1fico de drogas. No entanto, as autoridades descartaram essas justificativas e identificaram um padr\u00e3o de a\u00e7\u00f5es frias e premeditadas.\n<\/p>\n<p>\u201cEle sempre agia do mesmo jeito, a maioria das vezes \u00e0 noite, usando roupas pretas e bon\u00e9 para esconder o rosto. Ele \u00e9 um predador, um assassino em s\u00e9rie, muito frio e calculista\u201d, afirmou o delegado Gilson Rego, respons\u00e1vel pelo caso. As investiga\u00e7\u00f5es mostraram que Albino Santos abordava suas v\u00edtimas de forma que elas n\u00e3o tivessem chance de se defender.\n<\/p>\n<p><strong>Desprezo por mulheres<\/strong>\n<\/p>\n<p>Al\u00e9m das mortes, as apura\u00e7\u00f5es apontaram que Albino tinha um profundo desprezo por mulheres. Ele mantinha arquivos organizados com informa\u00e7\u00f5es de suas poss\u00edveis v\u00edtimas, todas identificadas com termos pejorativos. Das 10 mortes atribu\u00eddas a ele, a maioria das v\u00edtimas eram jovens mulheres, refor\u00e7ando o padr\u00e3o de \u00f3dio direcionado por g\u00eanero.\n<\/p>\n<p>\u201cEstamos diante de um indiv\u00edduo que escolhia suas v\u00edtimas com base em crit\u00e9rios absurdos e preconceituosos, agindo com extrema frieza e perversidade\u201d, afirmou o promotor de Justi\u00e7a Ant\u00f4nio Vilas Boas.\n<\/p>\n<p>A den\u00fancia contra Albino Santos foi apresentada pelo MPAL na \u00faltima quinta-feira (23\/1). Entre os crimes atribu\u00eddos a ele est\u00e3o os homic\u00eddios de Tamara Vanessa dos Santos, o casal D\u00e9bora Vit\u00f3ria Silva dos Santos e John Lenno Santos Ferreira, al\u00e9m da morte da adolescente Ana Beatriz.\n<\/p>\n<p>O Minist\u00e9rio P\u00fablico ressaltou a import\u00e2ncia de manter a pris\u00e3o preventiva do acusado para proteger a sociedade. \u201cJ\u00e1 foi constatado que o suspeito n\u00e3o tem a menor condi\u00e7\u00e3o de viver em sociedade. Sua liberdade representaria um grande perigo, especialmente diante da sequ\u00eancia de crimes cometidos com total desprezo pela vida humana\u201d, concluiu Vilas Boas.\n<\/p>\n<p>Fonte: Metr\u00f3poles              <\/p>\n<\/div>\n<p><br \/>\n<br \/><a href=\"https:\/\/diariodobrasilnoticias.com.br\/noticia\/serial-killer-que-matava-vitimas-por-mau-comportamento-e-denunciado-formalmente-pelo-mp-de-alagoas-saiba-mais-detalhes-do-caso-67960a976886b\">Source link <\/a><\/p>","protected":false},"excerpt":{"rendered":"<p>O Minist\u00e9rio P\u00fablico de Alagoas (MPAL) apresentou den\u00fancia formal contra Albino Santos de Lima (foto em destaque), de 42 anos, apontado pela Pol\u00edcia Civil como o maior serial killer do&hellip;<\/p>","protected":false},"author":1,"featured_media":95907,"comment_status":"closed","ping_status":"open","sticky":false,"template":"","format":"standard","meta":{"content-type":"","footnotes":""},"categories":[16],"tags":[123,2448,5313,1267],"class_list":["post-95906","post","type-post","status-publish","format-standard","has-post-thumbnail","hentry","category-noticias","tag-brasil","tag-diario","tag-noticia","tag-noticias"],"_links":{"self":[{"href":"https:\/\/tvbrazilusa.com\/pt\/wp-json\/wp\/v2\/posts\/95906","targetHints":{"allow":["GET"]}}],"collection":[{"href":"https:\/\/tvbrazilusa.com\/pt\/wp-json\/wp\/v2\/posts"}],"about":[{"href":"https:\/\/tvbrazilusa.com\/pt\/wp-json\/wp\/v2\/types\/post"}],"author":[{"embeddable":true,"href":"https:\/\/tvbrazilusa.com\/pt\/wp-json\/wp\/v2\/users\/1"}],"replies":[{"embeddable":true,"href":"https:\/\/tvbrazilusa.com\/pt\/wp-json\/wp\/v2\/comments?post=95906"}],"version-history":[{"count":1,"href":"https:\/\/tvbrazilusa.com\/pt\/wp-json\/wp\/v2\/posts\/95906\/revisions"}],"predecessor-version":[{"id":95908,"href":"https:\/\/tvbrazilusa.com\/pt\/wp-json\/wp\/v2\/posts\/95906\/revisions\/95908"}],"wp:featuredmedia":[{"embeddable":true,"href":"https:\/\/tvbrazilusa.com\/pt\/wp-json\/wp\/v2\/media\/95907"}],"wp:attachment":[{"href":"https:\/\/tvbrazilusa.com\/pt\/wp-json\/wp\/v2\/media?parent=95906"}],"wp:term":[{"taxonomy":"category","embeddable":true,"href":"https:\/\/tvbrazilusa.com\/pt\/wp-json\/wp\/v2\/categories?post=95906"},{"taxonomy":"post_tag","embeddable":true,"href":"https:\/\/tvbrazilusa.com\/pt\/wp-json\/wp\/v2\/tags?post=95906"}],"curies":[{"name":"wp","href":"https:\/\/api.w.org\/{rel}","templated":true}]}}