{"id":95909,"date":"2025-01-26T10:32:20","date_gmt":"2025-01-26T10:32:20","guid":{"rendered":"https:\/\/tvbrazilusa.com\/2025\/01\/26\/com-biden-o-governo-lula-recebeu-32-voos-com-deportados-brasileiros-dos-eua-o-uso-de-algemas-durante-o-voo-e-padrao\/"},"modified":"2025-01-26T10:32:29","modified_gmt":"2025-01-26T10:32:29","slug":"com-biden-o-governo-lula-recebeu-32-voos-com-deportados-brasileiros-dos-eua-o-uso-de-algemas-durante-o-voo-e-padrao","status":"publish","type":"post","link":"https:\/\/tvbrazilusa.com\/pt\/2025\/01\/26\/com-biden-o-governo-lula-recebeu-32-voos-com-deportados-brasileiros-dos-eua-o-uso-de-algemas-durante-o-voo-e-padrao\/","title":{"rendered":"Com Biden, o governo Lula recebeu 32 voos com deportados brasileiros dos EUA; o uso de algemas durante o voo \u00e9 padr\u00e3o"},"content":{"rendered":"<p> <script async src=\"https:\/\/pagead2.googlesyndication.com\/pagead\/js\/adsbygoogle.js?client=ca-pub-8864793242727901\"\r\n     crossorigin=\"anonymous\"><\/script><br \/>\n<\/p>\n<div id=\"taboola-read-more\" style=\"display:block; width:100%\">\n<p>O Aeroporto de Confins (MG) recebeu 3.660 pessoas deportadas dos EUA em 32 voos fretados pelo governo norte-americano de 27 de janeiro de 2023 a 10 de janeiro de 2025. A informa\u00e7\u00e3o \u00e9 da BH Airport, empresa que administra o aeroporto na regi\u00e3o metropolitana de Belo Horizonte (MG).\n<\/p>\n<p>Essas deporta\u00e7\u00f5es foram realizadas a partir do in\u00edcio do governo de Luiz In\u00e1cio Lula da Silva (PT) enquanto Joe Biden (Democrata) era presidente dos EUA. Desde 2\u00aa feira (20.jan.2025), o presidente dos EUA \u00e9 Donald Trump (Republicano).<\/p>\n<p>O 1\u00ba voo de deporta\u00e7\u00e3o dos EUA para o Brasil em 2025 chegou a Confins em 10 de janeiro, 10 dias antes da posse de Trump. Em 2024, o 1\u00ba voo de deporta\u00e7\u00e3o dos EUA a chegar a Confins foi em 26 de janeiro. Em 2023, em 27 de janeiro.\n<\/p>\n<\/p>\n<p>Houve 17 voos de deporta\u00e7\u00e3o de brasileiros durante o governo de Biden a partir da posse de Ricardo Lewandoski como ministro da Justi\u00e7a em fevereiro de 2024.\n<\/p>\n<p>Na 6\u00aa feira (24.jan), chegou ao Brasil outro voo, o 1\u00ba do governo de Trump. O avi\u00e3o deveria ir para Confins. Mas teve problemas t\u00e9cnicos e precisou pousar em Manaus (AM).\n<\/p>\n<p>Os passageiros deportados desembarcaram algemados e com os p\u00e9s acorrentados. Lewandowski criticou o uso de algemas. Disse que foi \u201cdesrespeito aos direitos fundamentais dos cidad\u00e3os brasileiros\u201d. Determinou que seguissem para Confins em um avi\u00e3o da FAB (For\u00e7a A\u00e9rea Brasileira).\n<\/p>\n<p>O procedimento padr\u00e3o para passageiros deportados \u00e9 viajarem algemados e com os p\u00e9s acorrentados. Essa situa\u00e7\u00e3o \u00e9 conhecida desde o in\u00edcio dos voos para deporta\u00e7\u00e3o de brasileiros durante o governo de Jair Bolsonaro (PL). Autoridades norte-americanas dizem que isso \u00e9 necess\u00e1rio para impedir que algum passageiro deportado ataque a tripula\u00e7\u00e3o e coloque o voo em risco.\n<\/p>\n<p><strong>BIDEN DEPORTOU MAIS<\/strong>\n<\/p>\n<p>Os EUA deportaram 7.168 brasileiros no governo de Biden. O balan\u00e7o do Department of Homeland Security (departamento de seguran\u00e7a interna em portugu\u00eas) considera os anos fiscais, que se iniciam em outubro do ano anterior ao ano de refer\u00eancia e v\u00e3o at\u00e9 setembro do ano de refer\u00eancia.\n<\/p>\n<p>No caso do governo de Biden, s\u00e3o deporta\u00e7\u00f5es dos anos fiscais de 2021 a 2024, que v\u00e3o de outubro de 2020, ainda no 1\u00ba mandato de Trump, at\u00e9 setembro de 2024. Houve outros voos de deporta\u00e7\u00e3o durante o governo Biden de outubro de 2024 a janeiro de 2025 que n\u00e3o entram nesse balan\u00e7o.\n<\/p>\n<p>Os EUA deportaram mais brasileiros no governo de Biden do que nos governos anteriores, o 1\u00ba mandato de Trump, nos anos fiscais de 2017 a 2020, e o 2\u00ba mandato de Barack Obama (Democrata), nos anos fiscais de 2013 a 2016.\n<\/p>\n<p>O total de deporta\u00e7\u00f5es de todas as nacionalidades foi menor no governo de Biden. Portanto os brasileiros representaram uma propor\u00e7\u00e3o muito maior. Os brasileiros foram 1,3% dos deportados no governo de Biden, 0,7% no de Trump e 0,4% no de Obama.\n<\/p>\n<p>Fonte: Poder360              <\/p>\n<\/div>\n<p><br \/>\n<br \/><a href=\"https:\/\/diariodobrasilnoticias.com.br\/noticia\/com-biden-o-governo-lula-recebeu-32-voos-com-deportados-brasileiros-dos-eua-o-uso-de-algemas-durante-o-voo-e-padrao-67960cea37782\">Source link <\/a><\/p>","protected":false},"excerpt":{"rendered":"<p>O Aeroporto de Confins (MG) recebeu 3.660 pessoas deportadas dos EUA em 32 voos fretados pelo governo norte-americano de 27 de janeiro de 2023 a 10 de janeiro de 2025.&hellip;<\/p>","protected":false},"author":1,"featured_media":95910,"comment_status":"closed","ping_status":"open","sticky":false,"template":"","format":"standard","meta":{"content-type":"","footnotes":""},"categories":[16],"tags":[123,2448,5313,1267],"class_list":["post-95909","post","type-post","status-publish","format-standard","has-post-thumbnail","hentry","category-noticias","tag-brasil","tag-diario","tag-noticia","tag-noticias"],"_links":{"self":[{"href":"https:\/\/tvbrazilusa.com\/pt\/wp-json\/wp\/v2\/posts\/95909","targetHints":{"allow":["GET"]}}],"collection":[{"href":"https:\/\/tvbrazilusa.com\/pt\/wp-json\/wp\/v2\/posts"}],"about":[{"href":"https:\/\/tvbrazilusa.com\/pt\/wp-json\/wp\/v2\/types\/post"}],"author":[{"embeddable":true,"href":"https:\/\/tvbrazilusa.com\/pt\/wp-json\/wp\/v2\/users\/1"}],"replies":[{"embeddable":true,"href":"https:\/\/tvbrazilusa.com\/pt\/wp-json\/wp\/v2\/comments?post=95909"}],"version-history":[{"count":1,"href":"https:\/\/tvbrazilusa.com\/pt\/wp-json\/wp\/v2\/posts\/95909\/revisions"}],"predecessor-version":[{"id":95911,"href":"https:\/\/tvbrazilusa.com\/pt\/wp-json\/wp\/v2\/posts\/95909\/revisions\/95911"}],"wp:featuredmedia":[{"embeddable":true,"href":"https:\/\/tvbrazilusa.com\/pt\/wp-json\/wp\/v2\/media\/95910"}],"wp:attachment":[{"href":"https:\/\/tvbrazilusa.com\/pt\/wp-json\/wp\/v2\/media?parent=95909"}],"wp:term":[{"taxonomy":"category","embeddable":true,"href":"https:\/\/tvbrazilusa.com\/pt\/wp-json\/wp\/v2\/categories?post=95909"},{"taxonomy":"post_tag","embeddable":true,"href":"https:\/\/tvbrazilusa.com\/pt\/wp-json\/wp\/v2\/tags?post=95909"}],"curies":[{"name":"wp","href":"https:\/\/api.w.org\/{rel}","templated":true}]}}