{"id":95912,"date":"2025-01-26T10:43:47","date_gmt":"2025-01-26T10:43:47","guid":{"rendered":"https:\/\/tvbrazilusa.com\/2025\/01\/26\/papa-francisco-declara-que-igreja-catolica-esta-pronta-para-escolher-uma-data-fixa-para-a-pascoa\/"},"modified":"2025-01-26T10:43:49","modified_gmt":"2025-01-26T10:43:49","slug":"papa-francisco-declara-que-igreja-catolica-esta-pronta-para-escolher-uma-data-fixa-para-a-pascoa","status":"publish","type":"post","link":"https:\/\/tvbrazilusa.com\/pt\/2025\/01\/26\/papa-francisco-declara-que-igreja-catolica-esta-pronta-para-escolher-uma-data-fixa-para-a-pascoa\/","title":{"rendered":"Papa Francisco declara que Igreja Cat\u00f3lica est\u00e1 pronta para escolher uma data fixa para a P\u00e1scoa"},"content":{"rendered":"<p> <script async src=\"https:\/\/pagead2.googlesyndication.com\/pagead\/js\/adsbygoogle.js?client=ca-pub-8864793242727901\"\r\n     crossorigin=\"anonymous\"><\/script><br \/>\n<\/p>\n<div id=\"taboola-read-more\" style=\"display:block; width:100%\">\n<p>O Papa Francisco disse neste s\u00e1bado (25) que a Igreja Cat\u00f3lica est\u00e1 disposta a aceitar um domingo fixo para a P\u00e1scoa, visto que o feriado religioso \u00e9 celebrado em datas diferentes todos os anos. Tamb\u00e9m h\u00e1 diferen\u00e7as nas datas da Igreja Cat\u00f3lica e da Ortodoxa.\n<\/p>\n<p>Isso acontece porque a Igreja Cat\u00f3lica faz o c\u00e1lculo do dia da P\u00e1scoa conforme o calend\u00e1rio gregoriano, introduzido em 1582. \u00c9 o calend\u00e1rio usado oficialmente pela maioria dos pa\u00edses, com 12 meses.<\/p>\n<p>Enquanto isso, a Igreja Ortodoxa faz o c\u00e1lculo da P\u00e1scoa com base no calend\u00e1rio juliano, que caiu em desuso ap\u00f3s o s\u00e9culo 16. Essa diferen\u00e7a geralmente faz com que o feriado seja celebrado em datas diferentes pelas duas igrejas, com intervalos de semanas.\n<\/p>\n<p>Em 2025, a P\u00e1scoa ser\u00e1 no dia 20 de abril. Particularmente neste ano, todas as religi\u00f5es crist\u00e3s celebrar\u00e3o o feriado no mesmo dia por causa de uma coincid\u00eancia no c\u00e1lculo.\n<\/p>\n<p>&#8220;Renovo meu chamado para que essa coincid\u00eancia sirva de lembrete a todos os crist\u00e3os para darem um passo decisivo rumo \u00e0 uni\u00e3o, e isso em torno de uma data comum para a P\u00e1scoa&#8221;, concluiu Francisco.\n<\/p>\n<p>&#8220;A Igreja Cat\u00f3lica est\u00e1 disposta a aceitar a data que todos desejarem, uma data de uni\u00e3o&#8221;, disse Francisco, na missa que encerrou a semana de ora\u00e7\u00e3o pela uni\u00e3o dos crist\u00e3os.\n<\/p>\n<p>Fonte: g1              <\/p>\n<\/div>\n<p><br \/>\n<br \/><a href=\"https:\/\/diariodobrasilnoticias.com.br\/noticia\/papa-francisco-declara-que-igreja-catolica-esta-pronta-para-escolher-uma-data-fixa-para-a-pascoa-67960f87b9c24\">Source link <\/a><\/p>","protected":false},"excerpt":{"rendered":"<p>O Papa Francisco disse neste s\u00e1bado (25) que a Igreja Cat\u00f3lica est\u00e1 disposta a aceitar um domingo fixo para a P\u00e1scoa, visto que o feriado religioso \u00e9 celebrado em datas&hellip;<\/p>","protected":false},"author":1,"featured_media":95913,"comment_status":"closed","ping_status":"open","sticky":false,"template":"","format":"standard","meta":{"content-type":"","footnotes":""},"categories":[16],"tags":[123,2448,5313,1267],"class_list":["post-95912","post","type-post","status-publish","format-standard","has-post-thumbnail","hentry","category-noticias","tag-brasil","tag-diario","tag-noticia","tag-noticias"],"_links":{"self":[{"href":"https:\/\/tvbrazilusa.com\/pt\/wp-json\/wp\/v2\/posts\/95912","targetHints":{"allow":["GET"]}}],"collection":[{"href":"https:\/\/tvbrazilusa.com\/pt\/wp-json\/wp\/v2\/posts"}],"about":[{"href":"https:\/\/tvbrazilusa.com\/pt\/wp-json\/wp\/v2\/types\/post"}],"author":[{"embeddable":true,"href":"https:\/\/tvbrazilusa.com\/pt\/wp-json\/wp\/v2\/users\/1"}],"replies":[{"embeddable":true,"href":"https:\/\/tvbrazilusa.com\/pt\/wp-json\/wp\/v2\/comments?post=95912"}],"version-history":[{"count":1,"href":"https:\/\/tvbrazilusa.com\/pt\/wp-json\/wp\/v2\/posts\/95912\/revisions"}],"predecessor-version":[{"id":95914,"href":"https:\/\/tvbrazilusa.com\/pt\/wp-json\/wp\/v2\/posts\/95912\/revisions\/95914"}],"wp:featuredmedia":[{"embeddable":true,"href":"https:\/\/tvbrazilusa.com\/pt\/wp-json\/wp\/v2\/media\/95913"}],"wp:attachment":[{"href":"https:\/\/tvbrazilusa.com\/pt\/wp-json\/wp\/v2\/media?parent=95912"}],"wp:term":[{"taxonomy":"category","embeddable":true,"href":"https:\/\/tvbrazilusa.com\/pt\/wp-json\/wp\/v2\/categories?post=95912"},{"taxonomy":"post_tag","embeddable":true,"href":"https:\/\/tvbrazilusa.com\/pt\/wp-json\/wp\/v2\/tags?post=95912"}],"curies":[{"name":"wp","href":"https:\/\/api.w.org\/{rel}","templated":true}]}}