{"id":95915,"date":"2025-01-26T10:55:21","date_gmt":"2025-01-26T10:55:21","guid":{"rendered":"https:\/\/tvbrazilusa.com\/2025\/01\/26\/presidente-argentino-javier-milei-analisa-retirar-feminicidio-do-codigo-penal-entenda\/"},"modified":"2025-01-26T10:55:23","modified_gmt":"2025-01-26T10:55:23","slug":"presidente-argentino-javier-milei-analisa-retirar-feminicidio-do-codigo-penal-entenda","status":"publish","type":"post","link":"https:\/\/tvbrazilusa.com\/pt\/2025\/01\/26\/presidente-argentino-javier-milei-analisa-retirar-feminicidio-do-codigo-penal-entenda\/","title":{"rendered":"Presidente argentino Javier Milei analisa retirar feminic\u00eddio do C\u00f3digo Penal; entenda"},"content":{"rendered":"<p> <script async src=\"https:\/\/pagead2.googlesyndication.com\/pagead\/js\/adsbygoogle.js?client=ca-pub-8864793242727901\"\r\n     crossorigin=\"anonymous\"><\/script><br \/>\n<\/p>\n<div id=\"taboola-read-more\" style=\"display:block; width:100%\">\n<p>O ministro da Justi\u00e7a da Argentina, Mariano C\u00faneo Libarona, disse na 6\u00aa feira (24.jan.2025) que o governo do presidente Javier Milei avalia a retirada do feminic\u00eddio do C\u00f3digo Penal do pa\u00eds.\n<\/p>\n<p>Em publica\u00e7\u00e3o em seu perfil no X (ex-Twitter), o ministro afirmou que o governo atual \u201cdefende a igualdade perante a lei\u201d e que \u201cnenhuma vida vale mais que outra\u201d.<\/p>\n<p>\u201cDurante anos eles usaram as mulheres para encher os bolsos e minar os homens. Independentemente do nosso sexo, somos todos iguais perante a lei e merecemos a mesma prote\u00e7\u00e3o e respeito\u201d, escreveu o ministro da Justi\u00e7a.\n<\/p>\n<\/p>\n<p>Na 5\u00aa feira (23.jan), durante o F\u00f3rum Econ\u00f4mico Mundial de Davos, na Su\u00ed\u00e7a, o presidente da Argentina, Javier Milei, defendeu a retirada do crime de feminic\u00eddio do C\u00f3digo Penal. Disse que a legisla\u00e7\u00e3o \u201clegaliza de fato que a vida de uma mulher vale mais que a de um homem\u201d.\n<\/p>\n<p>\u201cComo disse o presidente Javier Milei em Davos, o feminismo \u00e9 uma distor\u00e7\u00e3o do conceito de igualdade que apenas procura privil\u00e9gios colocando uma metade da popula\u00e7\u00e3o contra a outra\u201d, disse Libarona.\n<\/p>\n<p>Quando assumiu o governo, o l\u00edder argentino extinguiu o Minist\u00e9rio das Mulheres. \u00c0 \u00e9poca, disse que o \u00f3rg\u00e3o cria privil\u00e9gios e n\u00e3o promove a igualdade.\n<\/p>\n<p>Fonte: Poder360              <\/p>\n<\/div>\n<p><br \/>\n<br \/><a href=\"https:\/\/diariodobrasilnoticias.com.br\/noticia\/presidente-argentino-javier-milei-analisa-retirar-feminicidio-do-codigo-penal-entenda-679610d28bee3\">Source link <\/a><\/p>","protected":false},"excerpt":{"rendered":"<p>O ministro da Justi\u00e7a da Argentina, Mariano C\u00faneo Libarona, disse na 6\u00aa feira (24.jan.2025) que o governo do presidente Javier Milei avalia a retirada do feminic\u00eddio do C\u00f3digo Penal do&hellip;<\/p>","protected":false},"author":1,"featured_media":95916,"comment_status":"closed","ping_status":"open","sticky":false,"template":"","format":"standard","meta":{"content-type":"","footnotes":""},"categories":[16],"tags":[123,2448,5313,1267],"class_list":["post-95915","post","type-post","status-publish","format-standard","has-post-thumbnail","hentry","category-noticias","tag-brasil","tag-diario","tag-noticia","tag-noticias"],"_links":{"self":[{"href":"https:\/\/tvbrazilusa.com\/pt\/wp-json\/wp\/v2\/posts\/95915","targetHints":{"allow":["GET"]}}],"collection":[{"href":"https:\/\/tvbrazilusa.com\/pt\/wp-json\/wp\/v2\/posts"}],"about":[{"href":"https:\/\/tvbrazilusa.com\/pt\/wp-json\/wp\/v2\/types\/post"}],"author":[{"embeddable":true,"href":"https:\/\/tvbrazilusa.com\/pt\/wp-json\/wp\/v2\/users\/1"}],"replies":[{"embeddable":true,"href":"https:\/\/tvbrazilusa.com\/pt\/wp-json\/wp\/v2\/comments?post=95915"}],"version-history":[{"count":1,"href":"https:\/\/tvbrazilusa.com\/pt\/wp-json\/wp\/v2\/posts\/95915\/revisions"}],"predecessor-version":[{"id":95917,"href":"https:\/\/tvbrazilusa.com\/pt\/wp-json\/wp\/v2\/posts\/95915\/revisions\/95917"}],"wp:featuredmedia":[{"embeddable":true,"href":"https:\/\/tvbrazilusa.com\/pt\/wp-json\/wp\/v2\/media\/95916"}],"wp:attachment":[{"href":"https:\/\/tvbrazilusa.com\/pt\/wp-json\/wp\/v2\/media?parent=95915"}],"wp:term":[{"taxonomy":"category","embeddable":true,"href":"https:\/\/tvbrazilusa.com\/pt\/wp-json\/wp\/v2\/categories?post=95915"},{"taxonomy":"post_tag","embeddable":true,"href":"https:\/\/tvbrazilusa.com\/pt\/wp-json\/wp\/v2\/tags?post=95915"}],"curies":[{"name":"wp","href":"https:\/\/api.w.org\/{rel}","templated":true}]}}