{"id":95948,"date":"2025-01-26T12:36:36","date_gmt":"2025-01-26T12:36:36","guid":{"rendered":"https:\/\/tvbrazilusa.com\/2025\/01\/26\/silvia-abravanel-fara-homenagem-ao-seu-pai-silvio-santos-no-seu-casamento-veja-detalhes-da-cerimonia\/"},"modified":"2025-01-26T12:36:38","modified_gmt":"2025-01-26T12:36:38","slug":"silvia-abravanel-fara-homenagem-ao-seu-pai-silvio-santos-no-seu-casamento-veja-detalhes-da-cerimonia","status":"publish","type":"post","link":"https:\/\/tvbrazilusa.com\/pt\/2025\/01\/26\/silvia-abravanel-fara-homenagem-ao-seu-pai-silvio-santos-no-seu-casamento-veja-detalhes-da-cerimonia\/","title":{"rendered":"Silvia Abravanel far\u00e1 homenagem ao seu pai, Silvio Santos, no seu casamento; veja detalhes da cerim\u00f4nia"},"content":{"rendered":"<p> <script async src=\"https:\/\/pagead2.googlesyndication.com\/pagead\/js\/adsbygoogle.js?client=ca-pub-8864793242727901\"\r\n     crossorigin=\"anonymous\"><\/script><br \/>\n<\/p>\n<div id=\"taboola-read-more\" style=\"display:block; width:100%\">\n<p>Silvia Abravanel e o cantor sertanejo Gustavo Moura est\u00e3o nos preparativos finais para o casamento, que acontecer\u00e1 em 23 de abril de 2025. A cerim\u00f4nia, inicialmente marcada para outubro de 2024, foi adiada ap\u00f3s o falecimento de Silvio Santos, pai da apresentadora, ocorrido em 17 de agosto de 2024. A decis\u00e3o de remarcar a data foi tomada em meio ao luto da fam\u00edlia Abravanel, que optou por realizar a uni\u00e3o em um momento mais apropriado para homenagear a mem\u00f3ria do patriarca. O casal, que sempre contou com o apoio de Silvio Santos em seu relacionamento, decidiu que a celebra\u00e7\u00e3o ser\u00e1 uma oportunidade para prestar uma homenagem especial ao ic\u00f4nico comunicador, que completaria 94 anos em 2024.\n<\/p>\n<p>A festa ser\u00e1 realizada em um haras da fam\u00edlia em S\u00e3o Paulo e ter\u00e1 uma tem\u00e1tica country, refletindo o estilo de vida de Silvia e Gustavo. Formada em Medicina Veterin\u00e1ria, Silvia sempre teve uma forte liga\u00e7\u00e3o com o universo rural, e a escolha do local para o casamento \u00e9 uma forma de expressar essa paix\u00e3o. A cerim\u00f4nia contar\u00e1 com decora\u00e7\u00e3o r\u00fastica, pratos t\u00edpicos da fazenda e uma ambienta\u00e7\u00e3o que promete emocionar os convidados.<\/p>\n<p>Com uma lista inicial de 120 convidados, o n\u00famero cresceu para 150 e deve alcan\u00e7ar 300 pessoas. O casal mencionou que a inten\u00e7\u00e3o \u00e9 reunir amigos e familiares pr\u00f3ximos para uma grande celebra\u00e7\u00e3o, repleta de m\u00fasica, alegria e homenagens. Silvia revelou que a lista de convidados precisou ser ampliada devido ao grande n\u00famero de pessoas queridas que fizeram parte da hist\u00f3ria do casal.\n<\/p>\n<p><strong>O adiamento da cerim\u00f4nia e os desafios enfrentados pelo casal<\/strong>\n<\/p>\n<p>A decis\u00e3o de adiar o casamento n\u00e3o foi f\u00e1cil para Silvia e Gustavo, mas ambos consideraram necess\u00e1rio respeitar o per\u00edodo de luto da fam\u00edlia Abravanel. O falecimento de Silvio Santos impactou profundamente todos os membros da fam\u00edlia e, por isso, a realiza\u00e7\u00e3o da cerim\u00f4nia foi repensada para garantir que o evento pudesse ocorrer em um clima mais sereno e respeitoso.\n<\/p>\n<p>Segundo Silvia, o pai sempre fez quest\u00e3o de questionar sobre o casamento e demonstrava entusiasmo com a uni\u00e3o. Ela revelou que uma das \u00faltimas conversas com Silvio girou em torno da data da cerim\u00f4nia e das expectativas dele para o grande dia. Essa lembran\u00e7a se tornou um dos motivos que levaram o casal a incluir uma homenagem especial na celebra\u00e7\u00e3o.\n<\/p>\n<p><strong>Detalhes sobre a homenagem a Silvio Santos<\/strong>\n<\/p>\n<p>Durante a cerim\u00f4nia, um momento especial ser\u00e1 dedicado \u00e0 mem\u00f3ria de Silvio Santos. Silvia e Gustavo planejam uma apresenta\u00e7\u00e3o repleta de emo\u00e7\u00e3o, que deve incluir imagens de momentos marcantes da vida do apresentador, discursos de familiares e uma sele\u00e7\u00e3o musical que relembre os sucessos de sua trajet\u00f3ria na televis\u00e3o.\n<\/p>\n<p>O casal ainda mant\u00e9m em segredo os detalhes exatos da homenagem, mas garantem que ser\u00e1 um dos momentos mais emocionantes da noite. Os familiares de Silvio Santos estar\u00e3o presentes, e a expectativa \u00e9 de que todos compartilhem hist\u00f3rias e relembran\u00e7as do legado deixado pelo comunicador, que revolucionou a televis\u00e3o brasileira.\n<\/p>\n<p><strong>A rela\u00e7\u00e3o de Silvio Santos com o casamento da filha<\/strong>\n<\/p>\n<p>Silvio Santos sempre foi um grande apoiador do relacionamento de Silvia com Gustavo. Segundo relatos da apresentadora, o pai fazia quest\u00e3o de brincar com o genro sobre a demora para oficializar a uni\u00e3o. O desejo de Silvio era ver a filha feliz e realizada, motivo pelo qual o casal decidiu celebrar essa nova fase de suas vidas com uma cerim\u00f4nia especial.\n<\/p>\n<p>A presen\u00e7a constante de Silvio na vida do casal trouxe ainda mais significado ao casamento. Para Silvia, o evento ser\u00e1 uma forma de celebrar n\u00e3o apenas sua uni\u00e3o com Gustavo, mas tamb\u00e9m o carinho e o apoio que sempre recebeu de seu pai.\n<\/p>\n<p><strong>O planejamento da cerim\u00f4nia e os preparativos finais<\/strong>\n<\/p>\n<p>A organiza\u00e7\u00e3o do casamento envolve uma s\u00e9rie de detalhes que est\u00e3o sendo cuidadosamente planejados por Silvia e Gustavo. A escolha do haras como local do evento foi motivada pelo desejo do casal de ter uma celebra\u00e7\u00e3o aut\u00eantica e personalizada, alinhada aos seus gostos e estilos de vida. A decora\u00e7\u00e3o contar\u00e1 com elementos r\u00fasticos, ilumina\u00e7\u00e3o especial e um menu inspirado na culin\u00e1ria tradicional do campo.\n<\/p>\n<p>Al\u00e9m disso, a cerim\u00f4nia incluir\u00e1 apresenta\u00e7\u00f5es musicais especiais, com artistas pr\u00f3ximos ao casal que se apresentar\u00e3o durante a festa. Gustavo Moura, que \u00e9 cantor sertanejo, mencionou que pretende surpreender Silvia com uma can\u00e7\u00e3o in\u00e9dita, composta especialmente para a ocasi\u00e3o.\n<\/p>\n<p><strong>Lista de convidados e expans\u00e3o da celebra\u00e7\u00e3o<\/strong>\n<\/p>\n<p>Inicialmente planejada para ser uma cerim\u00f4nia \u00edntima, o casamento rapidamente ganhou propor\u00e7\u00f5es maiores devido \u00e0 quantidade de pessoas pr\u00f3ximas ao casal. O n\u00famero de convidados cresceu para cerca de 300, e Silvia comentou que ainda h\u00e1 pedidos de inclus\u00e3o de novos amigos e familiares.\n<\/p>\n<p>Entre os convidados confirmados, est\u00e3o diversas personalidades da televis\u00e3o e da m\u00fasica sertaneja, amigos pr\u00f3ximos da fam\u00edlia Abravanel e colegas de profiss\u00e3o de Silvia e Gustavo. A expectativa \u00e9 de que o evento seja marcado por momentos de confraterniza\u00e7\u00e3o e celebra\u00e7\u00e3o.\n<\/p>\n<p><strong>A trajet\u00f3ria de Silvia Abravanel e Gustavo Moura como casal<\/strong>\n<\/p>\n<p>Silvia Abravanel e Gustavo Moura est\u00e3o juntos h\u00e1 anos e compartilham uma rela\u00e7\u00e3o s\u00f3lida, baseada no respeito e no companheirismo. Desde o in\u00edcio do relacionamento, o casal tem demonstrado grande sintonia, e a decis\u00e3o de oficializar a uni\u00e3o veio como um passo natural para ambos.\n<\/p>\n<p>Gustavo, que faz dupla sertaneja com seu irm\u00e3o, frequentemente dedica m\u00fasicas \u00e0 noiva em seus shows, e a rela\u00e7\u00e3o deles \u00e9 marcada por um forte apoio m\u00fatuo, tanto na vida pessoal quanto profissional. Silvia, por sua vez, tem acompanhado de perto a carreira do parceiro e apoia seus projetos musicais.\n<\/p>\n<p><strong>Expectativas para o grande dia e celebra\u00e7\u00e3o do legado familiar<\/strong>\n<\/p>\n<p>A celebra\u00e7\u00e3o do casamento de Silvia e Gustavo n\u00e3o ser\u00e1 apenas uma uni\u00e3o de amor, mas tamb\u00e9m uma forma de honrar o legado de Silvio Santos. A expectativa \u00e9 de que o evento seja uma das cerim\u00f4nias mais comentadas do ano, tanto pela homenagem ao ic\u00f4nico apresentador quanto pelo significado especial que tem para a fam\u00edlia Abravanel.\n<\/p>\n<p>Com a aproxima\u00e7\u00e3o da data, os preparativos seguem a todo vapor, e Silvia tem compartilhado pequenos detalhes do processo em suas redes sociais. A apresentadora demonstrou entusiasmo com a escolha dos fornecedores, degusta\u00e7\u00e3o do card\u00e1pio e ajustes finais do vestido de noiva.\n<\/p>\n<p>Fonte: Mix Vale              <\/p>\n<\/div>\n<p><br \/>\n<br \/><a href=\"https:\/\/diariodobrasilnoticias.com.br\/noticia\/silvia-abravanel-fara-homenagem-ao-seu-pai-silvio-santos-no-seu-casamento-veja-detalhes-da-cerimonia-6796286e674bd\">Source link <\/a><\/p>","protected":false},"excerpt":{"rendered":"<p>Silvia Abravanel e o cantor sertanejo Gustavo Moura est\u00e3o nos preparativos finais para o casamento, que acontecer\u00e1 em 23 de abril de 2025. A cerim\u00f4nia, inicialmente marcada para outubro de&hellip;<\/p>","protected":false},"author":1,"featured_media":95949,"comment_status":"closed","ping_status":"open","sticky":false,"template":"","format":"standard","meta":{"content-type":"","footnotes":""},"categories":[16],"tags":[123,2448,5313,1267],"class_list":["post-95948","post","type-post","status-publish","format-standard","has-post-thumbnail","hentry","category-noticias","tag-brasil","tag-diario","tag-noticia","tag-noticias"],"_links":{"self":[{"href":"https:\/\/tvbrazilusa.com\/pt\/wp-json\/wp\/v2\/posts\/95948","targetHints":{"allow":["GET"]}}],"collection":[{"href":"https:\/\/tvbrazilusa.com\/pt\/wp-json\/wp\/v2\/posts"}],"about":[{"href":"https:\/\/tvbrazilusa.com\/pt\/wp-json\/wp\/v2\/types\/post"}],"author":[{"embeddable":true,"href":"https:\/\/tvbrazilusa.com\/pt\/wp-json\/wp\/v2\/users\/1"}],"replies":[{"embeddable":true,"href":"https:\/\/tvbrazilusa.com\/pt\/wp-json\/wp\/v2\/comments?post=95948"}],"version-history":[{"count":1,"href":"https:\/\/tvbrazilusa.com\/pt\/wp-json\/wp\/v2\/posts\/95948\/revisions"}],"predecessor-version":[{"id":95950,"href":"https:\/\/tvbrazilusa.com\/pt\/wp-json\/wp\/v2\/posts\/95948\/revisions\/95950"}],"wp:featuredmedia":[{"embeddable":true,"href":"https:\/\/tvbrazilusa.com\/pt\/wp-json\/wp\/v2\/media\/95949"}],"wp:attachment":[{"href":"https:\/\/tvbrazilusa.com\/pt\/wp-json\/wp\/v2\/media?parent=95948"}],"wp:term":[{"taxonomy":"category","embeddable":true,"href":"https:\/\/tvbrazilusa.com\/pt\/wp-json\/wp\/v2\/categories?post=95948"},{"taxonomy":"post_tag","embeddable":true,"href":"https:\/\/tvbrazilusa.com\/pt\/wp-json\/wp\/v2\/tags?post=95948"}],"curies":[{"name":"wp","href":"https:\/\/api.w.org\/{rel}","templated":true}]}}