{"id":95953,"date":"2025-01-26T12:48:07","date_gmt":"2025-01-26T12:48:07","guid":{"rendered":"https:\/\/tvbrazilusa.com\/2025\/01\/26\/a-partir-de-fevereiro-entrada-para-o-forte-dos-reis-magos-sera-de-r-10-para-natalenses-entrada-sera-gratuita\/"},"modified":"2025-01-26T12:48:09","modified_gmt":"2025-01-26T12:48:09","slug":"a-partir-de-fevereiro-entrada-para-o-forte-dos-reis-magos-sera-de-r-10-para-natalenses-entrada-sera-gratuita","status":"publish","type":"post","link":"https:\/\/tvbrazilusa.com\/pt\/2025\/01\/26\/a-partir-de-fevereiro-entrada-para-o-forte-dos-reis-magos-sera-de-r-10-para-natalenses-entrada-sera-gratuita\/","title":{"rendered":"A partir de fevereiro, entrada para o Forte dos Reis Magos ser\u00e1 de R$ 10; para natalenses, entrada ser\u00e1 gratuita"},"content":{"rendered":"<p> <script async src=\"https:\/\/pagead2.googlesyndication.com\/pagead\/js\/adsbygoogle.js?client=ca-pub-8864793242727901\"\r\n     crossorigin=\"anonymous\"><\/script><br \/>\n<\/p>\n<div id=\"taboola-read-more\" style=\"display:block; width:100%\">\n<p>Uma das principais atra\u00e7\u00f5es tur\u00edsticas e hist\u00f3ricas de Natal, o Forte dos Reis Magos teve o valor de ingresso reajustado por uma portaria publicada neste s\u00e1bado (25) no Di\u00e1rio Oficial do Estado. A entrada no pr\u00e9dio hist\u00f3rico custar\u00e1 R$ 10 a partir de 1\u00ba de fevereiro.\n<\/p>\n<p>A publica\u00e7\u00e3o da Funda\u00e7\u00e3o Jos\u00e9 Augusto, respons\u00e1vel pelo Forte, no entanto, garante que haver\u00e1 gratuidade para moradores de Natal. Para ter acesso ao benef\u00edcio, ser\u00e1 necess\u00e1rio apresentar um comprovante de resid\u00eancia.<\/p>\n<p>Segundo a publica\u00e7\u00e3o, a cobran\u00e7a de ingressos visa a &#8220;sustentabilidade financeira, a valoriza\u00e7\u00e3o do patrim\u00f4nio e a manuten\u00e7\u00e3o e a melhoria cont\u00ednua dos espa\u00e7os e acervos&#8221;.\n<\/p>\n<p>Ainda de acordo com a portaria, as visita\u00e7\u00f5es p\u00fablicas \u00e0 Fortaleza dos Reis Magos funcionar\u00e3o de ter\u00e7a \u00e0 domingo, das 8h \u00e0s 16h &#8211; hor\u00e1rios que j\u00e1 vinham sendo utilizados no local.\n<\/p>\n<p>A fortaleza ser\u00e1 fechada \u00e0 visita\u00e7\u00e3o p\u00fablica nos feriados de ano novo (1\u00ba de janeiro), Natal (25 de dezembro) e primeiro e segundo turnos de elei\u00e7\u00f5es.\n<\/p>\n<p><strong>Descontos no ingresso<\/strong>\n<\/p>\n<p>Segundo a portaria, ser\u00e1 oferecido desconto de 30% sobre o valor do ingresso na compra de pacote realizada exclusivamente nas quartas-feiras, em quantidade equivalente ou superior a mil entradas, adquiridas por Entidades Sindicais de Classe representativas do segmento tur\u00edstico.\n<\/p>\n<p>Al\u00e9m dos moradores de Natal, os guias de turismo cadastrados e acompanhando visitantes tamb\u00e9m ter\u00e3o o benef\u00edcio. Crian\u00e7as dever\u00e3o estar acompanhadas dos pais ou os respons\u00e1veis devidamente documentados.\n<\/p>\n<p>Ainda h\u00e1 previs\u00e3o de meia-entrada para estudantes dos ensinos fundamental, m\u00e9dio, t\u00e9cnico e superior; professores, jovens de 15 a 29 anos inscritos no Cadastro \u00danico para Programas Sociais do Governo Federal; idosos a partir dos 60; crian\u00e7as com idade superior a 12 anos; pessoas com defici\u00eancia; doadores de sangue e medula \u00f3ssea. Todos precisam apresentar comprova\u00e7\u00f5es.\n<\/p>\n<p><strong>Hist\u00f3ria<\/strong>\n<\/p>\n<p>A edifica\u00e7\u00e3o militar hist\u00f3rica foi o marco inicial de Natal, fundada em 25 de dezembro de 1599, ao lado direito da barra do Rio Potengi \u2013 atualmente pr\u00f3xima \u00e0 Ponte Newton Navarro.\n<\/p>\n<p>Recebeu este nome em fun\u00e7\u00e3o da data de in\u00edcio da sua constru\u00e7\u00e3o, em 6 de janeiro de 1598, dia de Reis pelo calend\u00e1rio cat\u00f3lico. Tombado em 1949, o Forte esteve sob administra\u00e7\u00e3o da Funda\u00e7\u00e3o Jos\u00e9 Augusto at\u00e9 2013, quando passou para o Iphan.\n<\/p>\n<p>Em maio de 2017, o Forte retornou \u00e0 gest\u00e3o do governo com uma cess\u00e3o inicial de 20 anos.\n<\/p>\n<p>Fonte: g1              <\/p>\n<\/div>\n<p><br \/>\n<br \/><a href=\"https:\/\/diariodobrasilnoticias.com.br\/noticia\/a-partir-de-fevereiro-entrada-para-o-forte-dos-reis-magos-sera-de-r-10-para-natalenses-entrada-sera-gratuita-67962d1774669\">Source link <\/a><\/p>","protected":false},"excerpt":{"rendered":"<p>Uma das principais atra\u00e7\u00f5es tur\u00edsticas e hist\u00f3ricas de Natal, o Forte dos Reis Magos teve o valor de ingresso reajustado por uma portaria publicada neste s\u00e1bado (25) no Di\u00e1rio Oficial&hellip;<\/p>","protected":false},"author":1,"featured_media":95954,"comment_status":"closed","ping_status":"open","sticky":false,"template":"","format":"standard","meta":{"content-type":"","footnotes":""},"categories":[16],"tags":[123,2448,5313,1267],"class_list":["post-95953","post","type-post","status-publish","format-standard","has-post-thumbnail","hentry","category-noticias","tag-brasil","tag-diario","tag-noticia","tag-noticias"],"_links":{"self":[{"href":"https:\/\/tvbrazilusa.com\/pt\/wp-json\/wp\/v2\/posts\/95953","targetHints":{"allow":["GET"]}}],"collection":[{"href":"https:\/\/tvbrazilusa.com\/pt\/wp-json\/wp\/v2\/posts"}],"about":[{"href":"https:\/\/tvbrazilusa.com\/pt\/wp-json\/wp\/v2\/types\/post"}],"author":[{"embeddable":true,"href":"https:\/\/tvbrazilusa.com\/pt\/wp-json\/wp\/v2\/users\/1"}],"replies":[{"embeddable":true,"href":"https:\/\/tvbrazilusa.com\/pt\/wp-json\/wp\/v2\/comments?post=95953"}],"version-history":[{"count":1,"href":"https:\/\/tvbrazilusa.com\/pt\/wp-json\/wp\/v2\/posts\/95953\/revisions"}],"predecessor-version":[{"id":95955,"href":"https:\/\/tvbrazilusa.com\/pt\/wp-json\/wp\/v2\/posts\/95953\/revisions\/95955"}],"wp:featuredmedia":[{"embeddable":true,"href":"https:\/\/tvbrazilusa.com\/pt\/wp-json\/wp\/v2\/media\/95954"}],"wp:attachment":[{"href":"https:\/\/tvbrazilusa.com\/pt\/wp-json\/wp\/v2\/media?parent=95953"}],"wp:term":[{"taxonomy":"category","embeddable":true,"href":"https:\/\/tvbrazilusa.com\/pt\/wp-json\/wp\/v2\/categories?post=95953"},{"taxonomy":"post_tag","embeddable":true,"href":"https:\/\/tvbrazilusa.com\/pt\/wp-json\/wp\/v2\/tags?post=95953"}],"curies":[{"name":"wp","href":"https:\/\/api.w.org\/{rel}","templated":true}]}}