{"id":95956,"date":"2025-01-26T12:59:37","date_gmt":"2025-01-26T12:59:37","guid":{"rendered":"https:\/\/tvbrazilusa.com\/2025\/01\/26\/falso-brasileira-que-foi-servida-por-trump-no-mcdonalds-nao-foi-deportada-nem-sera-veja-video\/"},"modified":"2025-01-26T12:59:38","modified_gmt":"2025-01-26T12:59:38","slug":"falso-brasileira-que-foi-servida-por-trump-no-mcdonalds-nao-foi-deportada-nem-sera-veja-video","status":"publish","type":"post","link":"https:\/\/tvbrazilusa.com\/pt\/2025\/01\/26\/falso-brasileira-que-foi-servida-por-trump-no-mcdonalds-nao-foi-deportada-nem-sera-veja-video\/","title":{"rendered":"Falso: brasileira que foi servida por Trump no McDonald\u2019s n\u00e3o foi deportada nem ser\u00e1; VEJA V\u00cdDEO"},"content":{"rendered":"<p> <script async src=\"https:\/\/pagead2.googlesyndication.com\/pagead\/js\/adsbygoogle.js?client=ca-pub-8864793242727901\"\r\n     crossorigin=\"anonymous\"><\/script><br \/>\n<br \/>Falso: brasileira que foi servida por Trump no McDonald\u2019s n\u00e3o foi deportada nem ser\u00e1; VEJA V\u00cdDEO<br \/>\n<br \/><br \/>\n<br \/><a href=\"https:\/\/diariodobrasilnoticias.com.br\/noticia\/falso-brasileira-que-foi-servida-por-trump-no-mcdonald-s-nao-foi-deportada-nem-sera-veja-video-67962e11b264e\">Source link <\/a><\/p>","protected":false},"excerpt":{"rendered":"<p>Falso: brasileira que foi servida por Trump no McDonald\u2019s n\u00e3o foi deportada nem ser\u00e1; VEJA V\u00cdDEO Source link<\/p>","protected":false},"author":1,"featured_media":95957,"comment_status":"closed","ping_status":"open","sticky":false,"template":"","format":"standard","meta":{"content-type":"","footnotes":""},"categories":[16],"tags":[123,2448,5313,1267],"class_list":["post-95956","post","type-post","status-publish","format-standard","has-post-thumbnail","hentry","category-noticias","tag-brasil","tag-diario","tag-noticia","tag-noticias"],"_links":{"self":[{"href":"https:\/\/tvbrazilusa.com\/pt\/wp-json\/wp\/v2\/posts\/95956","targetHints":{"allow":["GET"]}}],"collection":[{"href":"https:\/\/tvbrazilusa.com\/pt\/wp-json\/wp\/v2\/posts"}],"about":[{"href":"https:\/\/tvbrazilusa.com\/pt\/wp-json\/wp\/v2\/types\/post"}],"author":[{"embeddable":true,"href":"https:\/\/tvbrazilusa.com\/pt\/wp-json\/wp\/v2\/users\/1"}],"replies":[{"embeddable":true,"href":"https:\/\/tvbrazilusa.com\/pt\/wp-json\/wp\/v2\/comments?post=95956"}],"version-history":[{"count":1,"href":"https:\/\/tvbrazilusa.com\/pt\/wp-json\/wp\/v2\/posts\/95956\/revisions"}],"predecessor-version":[{"id":95958,"href":"https:\/\/tvbrazilusa.com\/pt\/wp-json\/wp\/v2\/posts\/95956\/revisions\/95958"}],"wp:featuredmedia":[{"embeddable":true,"href":"https:\/\/tvbrazilusa.com\/pt\/wp-json\/wp\/v2\/media\/95957"}],"wp:attachment":[{"href":"https:\/\/tvbrazilusa.com\/pt\/wp-json\/wp\/v2\/media?parent=95956"}],"wp:term":[{"taxonomy":"category","embeddable":true,"href":"https:\/\/tvbrazilusa.com\/pt\/wp-json\/wp\/v2\/categories?post=95956"},{"taxonomy":"post_tag","embeddable":true,"href":"https:\/\/tvbrazilusa.com\/pt\/wp-json\/wp\/v2\/tags?post=95956"}],"curies":[{"name":"wp","href":"https:\/\/api.w.org\/{rel}","templated":true}]}}