{"id":95962,"date":"2025-01-26T13:12:48","date_gmt":"2025-01-26T13:12:48","guid":{"rendered":"https:\/\/tvbrazilusa.com\/2025\/01\/26\/assim-como-trump-o-senador-sergio-moro-vai-propor-projeto-para-classificar-faccao-como-grupo-terrorista-veja\/"},"modified":"2025-01-26T13:12:50","modified_gmt":"2025-01-26T13:12:50","slug":"assim-como-trump-o-senador-sergio-moro-vai-propor-projeto-para-classificar-faccao-como-grupo-terrorista-veja","status":"publish","type":"post","link":"https:\/\/tvbrazilusa.com\/pt\/2025\/01\/26\/assim-como-trump-o-senador-sergio-moro-vai-propor-projeto-para-classificar-faccao-como-grupo-terrorista-veja\/","title":{"rendered":"Assim como Trump, o senador S\u00e9rgio Moro vai propor projeto para classificar fac\u00e7\u00e3o como grupo terrorista; veja"},"content":{"rendered":"<p> <script async src=\"https:\/\/pagead2.googlesyndication.com\/pagead\/js\/adsbygoogle.js?client=ca-pub-8864793242727901\"\r\n     crossorigin=\"anonymous\"><\/script><br \/>\n<\/p>\n<div id=\"taboola-read-more\" style=\"display:block; width:100%\">\n<p>Na volta dos trabalhos do Congresso, que ocorrer\u00e1 na primeira semana de fevereiro, o senador Sergio Moro (Uni\u00e3o Brasil-PR) prepara a apresenta\u00e7\u00e3o de um projeto que visa classificar a fac\u00e7\u00e3o Primeiro Comando da Capital (PCC) como grupo terrorista, medida que segue os moldes de uma norma que foi editada pelo presidente dos Estados Unidos, Donald Trump, como um dos primeiros atos de seu mandato.\n<\/p>\n<p>\u2013 O PCC deve ser tratado como uma organiza\u00e7\u00e3o terrorista. Talvez seja o caso de se espelhar no ato recente do Trump que equiparou juridicamente os grandes cart\u00e9is de drogas a organiza\u00e7\u00f5es terroristas \u2013 declarou o parlamentar brasileiro.<\/p>\n<p>Logo ap\u00f3s tomar posse, o presidente americano publicou uma s\u00e9rie de decretos, entre eles um que passou a designar, por exemplo, carteis de drogas como organiza\u00e7\u00f5es terroristas. Com isso, esses grupos criminosos passaram a ficar no mesmo patamar de organiza\u00e7\u00f5es como a Al-Qaeda.\n<\/p>\n<p>\u2013 Ao invocar o Alien Enemies Act de 1798, direcionarei nosso governo a usar todo o poder imenso da aplica\u00e7\u00e3o da lei federal e estadual para eliminar a presen\u00e7a de todas as gangues estrangeiras e redes criminosas que trazem crimes devastadores para o solo dos EUA, incluindo nossas cidades e centros urbanos \u2013 disse Trump em seu primeiro discurso ap\u00f3s tomar posse.\n<\/p>\n<p><strong>SOBRE O PLANO DE ATAQUE A MORO<\/strong>\n<\/p>\n<p>Moro se tornou alvo do PCC ap\u00f3s atuar pela transfer\u00eancia para pres\u00eddios federais de Marco Willians Herbas Camacho, o Marcola, e mais 21 suspeitos de integrar a fac\u00e7\u00e3o durante a \u00e9poca em que foi ministro da Justi\u00e7a e da Seguran\u00e7a P\u00fablica do governo Jair Bolsonaro.\n<\/p>\n<p>Em 2023 a Pol\u00edcia Federal prendeu diversas pessoas ligadas ao PCC acusadas de participar de um plano para atacar e matar servidores p\u00fablicos e autoridades, incluindo Moro e seus familiares. Na \u00faltima semana, oito membros da organiza\u00e7\u00e3o criminosa foram condenados e receberam penas de at\u00e9 14 anos e nove meses de pris\u00e3o por envolvimento no plano.\n<\/p>\n<p>Fonte: Pleno.News              <\/p>\n<\/div>\n<p><br \/>\n<br \/><a href=\"https:\/\/diariodobrasilnoticias.com.br\/noticia\/assim-como-trump-o-senador-sergio-moro-vai-propor-projeto-para-classificar-faccao-como-grupo-terrorista-veja-6796338fcda26\">Source link <\/a><\/p>","protected":false},"excerpt":{"rendered":"<p>Na volta dos trabalhos do Congresso, que ocorrer\u00e1 na primeira semana de fevereiro, o senador Sergio Moro (Uni\u00e3o Brasil-PR) prepara a apresenta\u00e7\u00e3o de um projeto que visa classificar a fac\u00e7\u00e3o&hellip;<\/p>","protected":false},"author":1,"featured_media":95963,"comment_status":"closed","ping_status":"open","sticky":false,"template":"","format":"standard","meta":{"content-type":"","footnotes":""},"categories":[16],"tags":[123,2448,5313,1267],"class_list":["post-95962","post","type-post","status-publish","format-standard","has-post-thumbnail","hentry","category-noticias","tag-brasil","tag-diario","tag-noticia","tag-noticias"],"_links":{"self":[{"href":"https:\/\/tvbrazilusa.com\/pt\/wp-json\/wp\/v2\/posts\/95962","targetHints":{"allow":["GET"]}}],"collection":[{"href":"https:\/\/tvbrazilusa.com\/pt\/wp-json\/wp\/v2\/posts"}],"about":[{"href":"https:\/\/tvbrazilusa.com\/pt\/wp-json\/wp\/v2\/types\/post"}],"author":[{"embeddable":true,"href":"https:\/\/tvbrazilusa.com\/pt\/wp-json\/wp\/v2\/users\/1"}],"replies":[{"embeddable":true,"href":"https:\/\/tvbrazilusa.com\/pt\/wp-json\/wp\/v2\/comments?post=95962"}],"version-history":[{"count":1,"href":"https:\/\/tvbrazilusa.com\/pt\/wp-json\/wp\/v2\/posts\/95962\/revisions"}],"predecessor-version":[{"id":95964,"href":"https:\/\/tvbrazilusa.com\/pt\/wp-json\/wp\/v2\/posts\/95962\/revisions\/95964"}],"wp:featuredmedia":[{"embeddable":true,"href":"https:\/\/tvbrazilusa.com\/pt\/wp-json\/wp\/v2\/media\/95963"}],"wp:attachment":[{"href":"https:\/\/tvbrazilusa.com\/pt\/wp-json\/wp\/v2\/media?parent=95962"}],"wp:term":[{"taxonomy":"category","embeddable":true,"href":"https:\/\/tvbrazilusa.com\/pt\/wp-json\/wp\/v2\/categories?post=95962"},{"taxonomy":"post_tag","embeddable":true,"href":"https:\/\/tvbrazilusa.com\/pt\/wp-json\/wp\/v2\/tags?post=95962"}],"curies":[{"name":"wp","href":"https:\/\/api.w.org\/{rel}","templated":true}]}}