{"id":95968,"date":"2025-01-26T13:38:59","date_gmt":"2025-01-26T13:38:59","guid":{"rendered":"https:\/\/tvbrazilusa.com\/2025\/01\/26\/no-rio-de-janeiro-as-policias-civil-e-militar-retiraram-das-ruas-732-fuzis-no-ano-de-2024\/"},"modified":"2025-01-26T13:39:01","modified_gmt":"2025-01-26T13:39:01","slug":"no-rio-de-janeiro-as-policias-civil-e-militar-retiraram-das-ruas-732-fuzis-no-ano-de-2024","status":"publish","type":"post","link":"https:\/\/tvbrazilusa.com\/pt\/2025\/01\/26\/no-rio-de-janeiro-as-policias-civil-e-militar-retiraram-das-ruas-732-fuzis-no-ano-de-2024\/","title":{"rendered":"No Rio de Janeiro, as pol\u00edcias Civil e Militar retiraram das ruas 732 fuzis no ano de 2024"},"content":{"rendered":"<p> <script async src=\"https:\/\/pagead2.googlesyndication.com\/pagead\/js\/adsbygoogle.js?client=ca-pub-8864793242727901\"\r\n     crossorigin=\"anonymous\"><\/script><br \/>\n<\/p>\n<div id=\"taboola-read-more\" style=\"display:block; width:100%\">\n<p>O Instituto de Seguran\u00e7a P\u00fablica (ISP), do Rio de Janeiro, fez um balan\u00e7o das pris\u00f5es e apreens\u00f5es de armas e drogas no estado em 2024. Em doze meses, as pol\u00edcias Civil e Militar retiraram das ruas 732 fuzis de circula\u00e7\u00e3o, uma m\u00e9dia de dois por dia. Os dados divulgados na \u00faltima sexta-feira (24) mostram um aumento de 20% nas apreens\u00f5es entre 2023 e 2024. Foram 610 armas de longo alcance recolhidas em 2023, contra 732 armas de guerra apreendidas no ano passado.\n<\/p>\n<p>Em 2024, as for\u00e7as estaduais de seguran\u00e7a registraram 42.389 pris\u00f5es em flagrante, representando um aumento de 14,7% em rela\u00e7\u00e3o a 2023. Houve tamb\u00e9m 23.930 registros de apreens\u00f5es de drogas, 6,2% a mais; 19.034 ve\u00edculos roubados\/furtados foram recuperados, 52 a cada 24 horas, um crescimento de 29,7%.<\/p>\n<p>Os crimes contra a vida tamb\u00e9m apresentaram uma redu\u00e7\u00e3o. O indicador letalidade violenta, que engloba homic\u00eddio doloso, les\u00e3o corporal seguida de morte, latroc\u00ednio e morte por interven\u00e7\u00e3o de agente do estado, registrou redu\u00e7\u00e3o de 11,1% entre janeiro e dezembro de 2024, quando comparado com o mesmo per\u00edodo de 2023. Os homic\u00eddios dolosos e as mortes por interven\u00e7\u00e3o de agente do estado tamb\u00e9m ca\u00edram no ano passado, com diminui\u00e7\u00f5es de 11% e 19,8%, respectivamente.\n<\/p>\n<p>De acordo com a diretora-presidente do ISP, Marcela Ortiz, os resultados alcan\u00e7ados em 2024 refor\u00e7am a import\u00e2ncia do trabalho constante das for\u00e7as de seguran\u00e7a do Rio no enfrentamento \u00e0 viol\u00eancia.\n<\/p>\n<p>\u2013 A transpar\u00eancia dos dados divulgados pelo ISP \u00e9 fundamental, pois auxilia na constru\u00e7\u00e3o de pol\u00edticas p\u00fablicas de combate \u00e0 criminalidade e no planejamento mais eficiente da seguran\u00e7a p\u00fablica.\n<\/p>\n<p>*Ag\u00eancia Brasil\n<\/p>\n<p>Fonte: Pleno.News              <\/p>\n<\/div>\n<p><br \/>\n<br \/><a href=\"https:\/\/diariodobrasilnoticias.com.br\/noticia\/no-rio-de-janeiro-as-policias-civil-e-militar-retiraram-das-ruas-732-fuzis-no-ano-de-2024-679638ec32df0\">Source link <\/a><\/p>","protected":false},"excerpt":{"rendered":"<p>O Instituto de Seguran\u00e7a P\u00fablica (ISP), do Rio de Janeiro, fez um balan\u00e7o das pris\u00f5es e apreens\u00f5es de armas e drogas no estado em 2024. Em doze meses, as pol\u00edcias&hellip;<\/p>","protected":false},"author":1,"featured_media":95969,"comment_status":"closed","ping_status":"open","sticky":false,"template":"","format":"standard","meta":{"content-type":"","footnotes":""},"categories":[16],"tags":[123,2448,5313,1267],"class_list":["post-95968","post","type-post","status-publish","format-standard","has-post-thumbnail","hentry","category-noticias","tag-brasil","tag-diario","tag-noticia","tag-noticias"],"_links":{"self":[{"href":"https:\/\/tvbrazilusa.com\/pt\/wp-json\/wp\/v2\/posts\/95968","targetHints":{"allow":["GET"]}}],"collection":[{"href":"https:\/\/tvbrazilusa.com\/pt\/wp-json\/wp\/v2\/posts"}],"about":[{"href":"https:\/\/tvbrazilusa.com\/pt\/wp-json\/wp\/v2\/types\/post"}],"author":[{"embeddable":true,"href":"https:\/\/tvbrazilusa.com\/pt\/wp-json\/wp\/v2\/users\/1"}],"replies":[{"embeddable":true,"href":"https:\/\/tvbrazilusa.com\/pt\/wp-json\/wp\/v2\/comments?post=95968"}],"version-history":[{"count":1,"href":"https:\/\/tvbrazilusa.com\/pt\/wp-json\/wp\/v2\/posts\/95968\/revisions"}],"predecessor-version":[{"id":95970,"href":"https:\/\/tvbrazilusa.com\/pt\/wp-json\/wp\/v2\/posts\/95968\/revisions\/95970"}],"wp:featuredmedia":[{"embeddable":true,"href":"https:\/\/tvbrazilusa.com\/pt\/wp-json\/wp\/v2\/media\/95969"}],"wp:attachment":[{"href":"https:\/\/tvbrazilusa.com\/pt\/wp-json\/wp\/v2\/media?parent=95968"}],"wp:term":[{"taxonomy":"category","embeddable":true,"href":"https:\/\/tvbrazilusa.com\/pt\/wp-json\/wp\/v2\/categories?post=95968"},{"taxonomy":"post_tag","embeddable":true,"href":"https:\/\/tvbrazilusa.com\/pt\/wp-json\/wp\/v2\/tags?post=95968"}],"curies":[{"name":"wp","href":"https:\/\/api.w.org\/{rel}","templated":true}]}}