{"id":95985,"date":"2025-01-26T14:15:20","date_gmt":"2025-01-26T14:15:20","guid":{"rendered":"https:\/\/tvbrazilusa.com\/2025\/01\/26\/com-escassez-de-profissionais-a-suica-abre-vagas-de-emprego-para-pessoas-que-falam-portugues-saiba-o-valor-da-remuneracao\/"},"modified":"2025-01-26T14:15:22","modified_gmt":"2025-01-26T14:15:22","slug":"com-escassez-de-profissionais-a-suica-abre-vagas-de-emprego-para-pessoas-que-falam-portugues-saiba-o-valor-da-remuneracao","status":"publish","type":"post","link":"https:\/\/tvbrazilusa.com\/pt\/2025\/01\/26\/com-escassez-de-profissionais-a-suica-abre-vagas-de-emprego-para-pessoas-que-falam-portugues-saiba-o-valor-da-remuneracao\/","title":{"rendered":"Com escassez de profissionais, a Su\u00ed\u00e7a abre vagas de emprego para pessoas que falam portugu\u00eas; saiba o valor da remunera\u00e7\u00e3o"},"content":{"rendered":"<p> <script async src=\"https:\/\/pagead2.googlesyndication.com\/pagead\/js\/adsbygoogle.js?client=ca-pub-8864793242727901\"\r\n     crossorigin=\"anonymous\"><\/script><br \/>\n<\/p>\n<div id=\"taboola-read-more\" style=\"display:block; width:100%\">\n<p>A Su\u00ed\u00e7a \u00e9 um dos pa\u00edses com um os sal\u00e1rios mais altos do mundo. Desta forma, aqueles que est\u00e3o em busca de vagas de emprego no pa\u00eds europeu devem ficar atentos para aproveitar a escassez de profissionais. Al\u00e9m disso, h\u00e1 vagas para quem fala portugu\u00eas na Su\u00ed\u00e7a e, dependendo da \u00e1rea, os sal\u00e1rios m\u00e9dios em vagas na Su\u00ed\u00e7a chegam aos CHF 5.000 francos por m\u00eas, o equivalente a 5.296,07 euros.\n<\/p>\n<p><strong>Lista de vagas de emprego para combater a escassez de profissionais<\/strong><\/p>\n<p>Todos os anos, muitos profissionais buscam por vagas na Su\u00ed\u00e7a, especialmente trabalhadores portugueses. Desta forma, o pa\u00eds europeu que conta com um dos sal\u00e1rios mais altos do mundo, oferece vagas de emprego para trabalhadores estrangeiros de diferentes profiss\u00f5es, especialmente da constru\u00e7\u00e3o civil, de hot\u00e9is e restaurantes.\n<\/p>\n<p>Desta forma, a Su\u00ed\u00e7a, para combater a escassez de profissionais, busca profissionais que falam portugu\u00eas para atuarem em v\u00e1rias \u00e1reas.\n<\/p>\n<p>H\u00e1 diversas vagas para quem fala portugu\u00eas na Su\u00ed\u00e7a e est\u00e3o publicadas no portal da Rede EURES. Entre elas est\u00e3o:\n<\/p>\n<p>Camareira \/ Pessoal de Limpeza \u2013 Berna;<br \/>Operadores de Guindaste SUVA \u2013 St. Gallen;<br \/>Estucador \u2013 Gesseiro \u2013 Schaffhausen;<br \/>Trabalhador da Constru\u00e7\u00e3o Civil \/ Cofragem \u2013 Turg\u00f3via;<br \/>Isolador de Fachada \u2013 Gris\u00f5es;<br \/>Trabalhador da Constru\u00e7\u00e3o Civil \/ Cofragem \u2013 Aargau e Valais;<br \/>Instalador de Fachadas \u2013 Zurique;<br \/>Auxiliar de Lavanderia \/ Lavadora \/ Passadeira \u2013 Gris\u00f5es;<br \/>Auxiliar de Cozinha \u2013 Berna;<br \/>Trabalhador de Armaz\u00e9m \u2013 Schaffhausen;<br \/>Auxiliar Administrativo \u2013 Zurique;<br \/>Trabalhador da Constru\u00e7\u00e3o Civil C \u2013 Gris\u00f5es;<br \/>Trabalhador da Constru\u00e7\u00e3o Civil B \u2013 Gris\u00f5es;<br \/>Auxiliar Administrativo com Conhecimento em Contabilidade \u2013 Zurique.<br \/>Como se candidatar \u00e0s vagas para quem fala portugu\u00eas na Su\u00ed\u00e7a?<br \/>Aqueles que ficaram interessados nas vagas de emprego e desejam aproveitar a escassez de profissionais, as vagas na Su\u00ed\u00e7a est\u00e3o dispon\u00edveis no portal da Rede EURES. Por isso, depois de acessar o portal, selecione a oportunidade de trabalho na Su\u00ed\u00e7a de interesse, leia todos os requisitos e, caso os cumpra, envie o seu curr\u00edculo diretamente para a empresa que est\u00e1 recrutando.\n<\/p>\n<p>Confira tamb\u00e9m todas as vagas na Su\u00ed\u00e7a anunciadas pela plataforma LinkedIn. Contudo, tenha em conta que \u00e9 fundamental sempre se candidatar no idioma em que a vaga na Su\u00ed\u00e7a est\u00e1 publicada. Al\u00e9m disso, aquele que n\u00e3o \u00e9 cidad\u00e3o de um pa\u00eds da UE ou EFTA, entre no portal oficial do governo da Su\u00ed\u00e7a para ter acesso aos requisitos para a solicita\u00e7\u00e3o de um visto de trabalho e resid\u00eancia no pa\u00eds europeu.\n<\/p>\n<p>Segundo um portal de RH, um trabalhador da constru\u00e7\u00e3o civil na Su\u00ed\u00e7a recebe, em m\u00e9dia, por ano, um sal\u00e1rio bruto de CHF 59.809,23 francos su\u00ed\u00e7os. Desta forma, ganha CHF 4.984,10 francos por m\u00eas, por\u00e9m os valores podem ser diferentes dependendo da experi\u00eancia do profissional, do cant\u00e3o onde trabalha e at\u00e9 mesmo da \u00e1rea de especializa\u00e7\u00e3o.\n<\/p>\n<p><strong>Quais l\u00ednguas s\u00e3o faladas na Su\u00ed\u00e7a?<\/strong>\n<\/p>\n<p>\u00c9 fato que um dos maiores desafios para aqueles que desejam concorrer \u00e0s vagas para quem fala portugu\u00eas na Su\u00ed\u00e7a \u00e9 a l\u00edngua. Inclusive, a quest\u00e3o dos idiomas falados na Su\u00ed\u00e7a \u00e9 considerado um problema cultural e at\u00e9 de pol\u00edtica no pa\u00eds europeu. Desta forma, as quatro l\u00ednguas nacionais faladas na Su\u00ed\u00e7a s\u00e3o o alem\u00e3o, o franc\u00eas, o italiano e o romanche.\n<\/p>\n<p>Desta forma, as tr\u00eas primeiras est\u00e3o em uso oficial na Confedera\u00e7\u00e3o Su\u00ed\u00e7a, j\u00e1 o romanche \u00e9 utilizado em dois cant\u00f5es. Sendo assim, pode-se dizer que existem quatro Su\u00ed\u00e7as, pois o plurilingualismo enraizado no pa\u00eds resulta de quest\u00f5es hist\u00f3ricas de neutralidade e da vontade pol\u00edtica \u00e0s quais se fundem os cant\u00f5es. Com isso, mesmo sendo pequeno, o territ\u00f3rio su\u00ed\u00e7o conta com quatro \u00e1reas lingu\u00edsticas, onde a l\u00edngua maiorit\u00e1ria determina o idioma usado.\n<\/p>\n<p><strong>Como um brasileiro pode trabalhar na Su\u00ed\u00e7a?<\/strong>\n<\/p>\n<p>Trabalhar na Su\u00ed\u00e7a como brasileiro \u00e9 uma oportunidade que pode ser concretizada com planejamento e aten\u00e7\u00e3o \u00e0s exig\u00eancias legais do pa\u00eds. A Su\u00ed\u00e7a \u00e9 conhecida por sua economia est\u00e1vel e alta qualidade de vida, mas tamb\u00e9m por ser rigorosa quanto \u00e0 entrada de trabalhadores estrangeiros.\n<\/p>\n<p>Para conseguir um emprego no pa\u00eds, o primeiro passo \u00e9 obter uma oferta de trabalho de uma empresa su\u00ed\u00e7a. Essa oferta \u00e9 essencial, pois o empregador deve justificar que n\u00e3o encontrou um profissional qualificado dentro da Su\u00ed\u00e7a ou da Uni\u00e3o Europeia para preencher a vaga, j\u00e1 que cidad\u00e3os su\u00ed\u00e7os e europeus t\u00eam prioridade.\n<\/p>\n<p>Ap\u00f3s receber a oferta, \u00e9 necess\u00e1rio solicitar um visto de trabalho, que deve ser aprovado pelas autoridades su\u00ed\u00e7as. Al\u00e9m disso, \u00e9 importante verificar as qualifica\u00e7\u00f5es exigidas pela profiss\u00e3o e, se necess\u00e1rio, validar diplomas ou certifica\u00e7\u00f5es para que sejam reconhecidos na Su\u00ed\u00e7a.\n<\/p>\n<p>Profissionais de \u00e1reas como tecnologia, sa\u00fade, engenharia e hotelaria t\u00eam maior chance de encontrar oportunidades, especialmente se dominarem idiomas como alem\u00e3o, franc\u00eas ou italiano, al\u00e9m do ingl\u00eas.\n<\/p>\n<p>Brasileiros com cidadania europeia possuem mais facilidade, pois n\u00e3o precisam de autoriza\u00e7\u00e3o pr\u00e9via para trabalhar. Por fim, buscar consultoria especializada e estudar o mercado de trabalho local pode facilitar o processo e aumentar as chances de sucesso.\n<\/p>\n<p>Fonte: Click Petr\u00f3leo e G\u00e1s              <\/p>\n<\/div>\n<p><br \/>\n<br \/><a href=\"https:\/\/diariodobrasilnoticias.com.br\/noticia\/com-escassez-de-profissionais-a-suica-abre-vagas-de-emprego-para-pessoas-que-falam-portugues-saiba-o-valor-da-remuneracao-679629a090016\">Source link <\/a><\/p>","protected":false},"excerpt":{"rendered":"<p>A Su\u00ed\u00e7a \u00e9 um dos pa\u00edses com um os sal\u00e1rios mais altos do mundo. Desta forma, aqueles que est\u00e3o em busca de vagas de emprego no pa\u00eds europeu devem ficar&hellip;<\/p>","protected":false},"author":1,"featured_media":95986,"comment_status":"closed","ping_status":"open","sticky":false,"template":"","format":"standard","meta":{"content-type":"","footnotes":""},"categories":[16],"tags":[123,2448,5313,1267],"class_list":["post-95985","post","type-post","status-publish","format-standard","has-post-thumbnail","hentry","category-noticias","tag-brasil","tag-diario","tag-noticia","tag-noticias"],"_links":{"self":[{"href":"https:\/\/tvbrazilusa.com\/pt\/wp-json\/wp\/v2\/posts\/95985","targetHints":{"allow":["GET"]}}],"collection":[{"href":"https:\/\/tvbrazilusa.com\/pt\/wp-json\/wp\/v2\/posts"}],"about":[{"href":"https:\/\/tvbrazilusa.com\/pt\/wp-json\/wp\/v2\/types\/post"}],"author":[{"embeddable":true,"href":"https:\/\/tvbrazilusa.com\/pt\/wp-json\/wp\/v2\/users\/1"}],"replies":[{"embeddable":true,"href":"https:\/\/tvbrazilusa.com\/pt\/wp-json\/wp\/v2\/comments?post=95985"}],"version-history":[{"count":1,"href":"https:\/\/tvbrazilusa.com\/pt\/wp-json\/wp\/v2\/posts\/95985\/revisions"}],"predecessor-version":[{"id":95987,"href":"https:\/\/tvbrazilusa.com\/pt\/wp-json\/wp\/v2\/posts\/95985\/revisions\/95987"}],"wp:featuredmedia":[{"embeddable":true,"href":"https:\/\/tvbrazilusa.com\/pt\/wp-json\/wp\/v2\/media\/95986"}],"wp:attachment":[{"href":"https:\/\/tvbrazilusa.com\/pt\/wp-json\/wp\/v2\/media?parent=95985"}],"wp:term":[{"taxonomy":"category","embeddable":true,"href":"https:\/\/tvbrazilusa.com\/pt\/wp-json\/wp\/v2\/categories?post=95985"},{"taxonomy":"post_tag","embeddable":true,"href":"https:\/\/tvbrazilusa.com\/pt\/wp-json\/wp\/v2\/tags?post=95985"}],"curies":[{"name":"wp","href":"https:\/\/api.w.org\/{rel}","templated":true}]}}