{"id":95997,"date":"2025-01-26T14:41:28","date_gmt":"2025-01-26T14:41:28","guid":{"rendered":"https:\/\/tvbrazilusa.com\/2025\/01\/26\/meme-da-laranja-web-faz-meme-apos-fala-de-ministro-de-lula-sobre-laranja-veja\/"},"modified":"2025-01-26T14:41:31","modified_gmt":"2025-01-26T14:41:31","slug":"meme-da-laranja-web-faz-meme-apos-fala-de-ministro-de-lula-sobre-laranja-veja","status":"publish","type":"post","link":"https:\/\/tvbrazilusa.com\/pt\/2025\/01\/26\/meme-da-laranja-web-faz-meme-apos-fala-de-ministro-de-lula-sobre-laranja-veja\/","title":{"rendered":"MEME DA LARANJA: Web faz meme ap\u00f3s fala de ministro de Lula sobre laranja; veja"},"content":{"rendered":"<p> <script async src=\"https:\/\/pagead2.googlesyndication.com\/pagead\/js\/adsbygoogle.js?client=ca-pub-8864793242727901\"\r\n     crossorigin=\"anonymous\"><\/script><br \/>\n<\/p>\n<div id=\"taboola-read-more\" style=\"display:block; width:100%\">\n<p>Internautas fizeram memes ap\u00f3s o ministro da Casa Civil, Rui Costa, afirmar, nesta sexta-feira (24), que a popula\u00e7\u00e3o pode substituir a laranja por outra fruta se os pre\u00e7os estiverem muito caros. A declara\u00e7\u00e3o foi dada ao falar sobre a possibilidade de o governo Lula (PT) reduzir o imposto de importa\u00e7\u00e3o de alimentos que estejam mais caros no Brasil do que no exterior.\n<\/p>\n<p>Rui Costa afirmou que alguns produtos podem estar com pre\u00e7os elevados em todo o planeta e ent\u00e3o citou o caso da laranja.<\/p>\n<p>\u2013 O pre\u00e7o internacional est\u00e1 t\u00e3o caro quanto aqui. O que se pode fazer? Mudar a fruta que a gente vai consumir. Em vez da laranja, outra fruta. N\u00e3o adianta baixar a al\u00edquota porque n\u00e3o tem produto l\u00e1 fora para colocar aqui dentro \u2013 comentou o ministro.\n<\/p>\n<p>No Twitter, v\u00e1rios perfis ironizaram a declara\u00e7\u00e3o. Confira alguns memes sobre o caso:\n<\/p>\n<\/p>\n<p><img fetchpriority=\"high\" decoding=\"async\" src=\"https:\/\/static.cdn.pleno.news\/2025\/01\/Screenshot-2-8.png\" alt=\"\" width=\"608\" height=\"574\"\/>\n<\/p>\n<p><img decoding=\"async\" src=\"https:\/\/static.cdn.pleno.news\/2025\/01\/Screenshot-4-6.png\" alt=\"\" width=\"575\" height=\"774\"\/>\n<\/p>\n<p><img decoding=\"async\" src=\"https:\/\/static.cdn.pleno.news\/2025\/01\/Screenshot-5-2.png\" alt=\"\" width=\"560\" height=\"522\"\/>\n<\/p>\n<p>Reprodu\u00e7\u00e3o\n<\/p>\n<p>Fonte: Pleno.News              <\/p>\n<\/div>\n<p><br \/>\n<br \/><a href=\"https:\/\/diariodobrasilnoticias.com.br\/noticia\/meme-da-laranja-web-faz-meme-apos-fala-de-ministro-de-lula-sobre-laranja-veja-679644503097e\">Source link <\/a><\/p>","protected":false},"excerpt":{"rendered":"<p>Internautas fizeram memes ap\u00f3s o ministro da Casa Civil, Rui Costa, afirmar, nesta sexta-feira (24), que a popula\u00e7\u00e3o pode substituir a laranja por outra fruta se os pre\u00e7os estiverem muito&hellip;<\/p>","protected":false},"author":1,"featured_media":95998,"comment_status":"closed","ping_status":"open","sticky":false,"template":"","format":"standard","meta":{"content-type":"","footnotes":""},"categories":[16],"tags":[123,2448,5313,1267],"class_list":["post-95997","post","type-post","status-publish","format-standard","has-post-thumbnail","hentry","category-noticias","tag-brasil","tag-diario","tag-noticia","tag-noticias"],"_links":{"self":[{"href":"https:\/\/tvbrazilusa.com\/pt\/wp-json\/wp\/v2\/posts\/95997","targetHints":{"allow":["GET"]}}],"collection":[{"href":"https:\/\/tvbrazilusa.com\/pt\/wp-json\/wp\/v2\/posts"}],"about":[{"href":"https:\/\/tvbrazilusa.com\/pt\/wp-json\/wp\/v2\/types\/post"}],"author":[{"embeddable":true,"href":"https:\/\/tvbrazilusa.com\/pt\/wp-json\/wp\/v2\/users\/1"}],"replies":[{"embeddable":true,"href":"https:\/\/tvbrazilusa.com\/pt\/wp-json\/wp\/v2\/comments?post=95997"}],"version-history":[{"count":1,"href":"https:\/\/tvbrazilusa.com\/pt\/wp-json\/wp\/v2\/posts\/95997\/revisions"}],"predecessor-version":[{"id":95999,"href":"https:\/\/tvbrazilusa.com\/pt\/wp-json\/wp\/v2\/posts\/95997\/revisions\/95999"}],"wp:featuredmedia":[{"embeddable":true,"href":"https:\/\/tvbrazilusa.com\/pt\/wp-json\/wp\/v2\/media\/95998"}],"wp:attachment":[{"href":"https:\/\/tvbrazilusa.com\/pt\/wp-json\/wp\/v2\/media?parent=95997"}],"wp:term":[{"taxonomy":"category","embeddable":true,"href":"https:\/\/tvbrazilusa.com\/pt\/wp-json\/wp\/v2\/categories?post=95997"},{"taxonomy":"post_tag","embeddable":true,"href":"https:\/\/tvbrazilusa.com\/pt\/wp-json\/wp\/v2\/tags?post=95997"}],"curies":[{"name":"wp","href":"https:\/\/api.w.org\/{rel}","templated":true}]}}