{"id":9606,"date":"2024-07-27T01:00:00","date_gmt":"2024-07-27T01:00:00","guid":{"rendered":"https:\/\/tvbrazilusa.com\/2024\/07\/27\/arvores-da-mata-atlantica-andando-para-escapar-do-calor\/"},"modified":"2024-07-27T01:01:16","modified_gmt":"2024-07-27T01:01:16","slug":"arvores-da-mata-atlantica-andando-para-escapar-do-calor","status":"publish","type":"post","link":"https:\/\/tvbrazilusa.com\/pt\/2024\/07\/27\/arvores-da-mata-atlantica-andando-para-escapar-do-calor\/","title":{"rendered":"\u00c1rvores da Mata Atl\u00e2ntica \u201candando\u201d para escapar do calor"},"content":{"rendered":"<p> <script async src=\"https:\/\/pagead2.googlesyndication.com\/pagead\/js\/adsbygoogle.js?client=ca-pub-8864793242727901\"\r\n     crossorigin=\"anonymous\"><\/script><br \/>\n<\/p>\n<div>\n<p>As \u00e1rvores da Mata Atl\u00e2ntica brasileira est\u00e3o migrando em busca de temperaturas mais favor\u00e1veis para escapar do aumento do calor causado pelas mudan\u00e7as clim\u00e1ticas. Este fen\u00f4meno foi revelado em um estudo publicado recentemente no Journal of Vegetation Science. \u00c0 medida que o planeta aquece, as esp\u00e9cies que prosperam em condi\u00e7\u00f5es mais frias enfrentam o risco de morrer, alertam os pesquisadores.<\/p>\n<p>Segundo Sandra M\u00fcller, pesquisadora da Universidade Federal do Rio Grande do Sul e autora s\u00eanior do estudo, \u201cesp\u00e9cies de altitudes mais elevadas s\u00e3o geralmente mais sens\u00edveis \u00e0 temperatura e aquelas que precisam de frio t\u00eam maior probabilidade de perder na competi\u00e7\u00e3o sob temperaturas mais altas para as que preferem temperaturas mais quentes\u201d. No artigo, os cientistas esclarecem como as mudan\u00e7as clim\u00e1ticas afetam uma das maiores biodiversidades do planeta.<\/p>\n<div class=\"wp-block-image\">\n<figure class=\"aligncenter size-full\"><picture decoding=\"async\" class=\"wp-image-161834\"><source type=\"image\/webp\" srcset=\"https:\/\/terrabrasilnoticias.com\/wp-content\/uploads\/2024\/07\/Variedade_de_arvores-1.jpg.webp 1020w, https:\/\/terrabrasilnoticias.com\/wp-content\/uploads\/2024\/07\/Variedade_de_arvores-1-300x200.jpg.webp 300w, https:\/\/terrabrasilnoticias.com\/wp-content\/uploads\/2024\/07\/Variedade_de_arvores-1-768x512.jpg.webp 768w, https:\/\/terrabrasilnoticias.com\/wp-content\/uploads\/2024\/07\/Variedade_de_arvores-1-750x500.jpg.webp 750w\" sizes=\"(max-width: 1020px) 100vw, 1020px\"\/><\/picture><figcaption class=\"wp-element-caption\">Reprodu\u00e7\u00e3o: Internet<\/figcaption><\/figure>\n<\/div>\n<h2 class=\"wp-block-heading\">\u00c1rvores da Mata Atl\u00e2ntica: Um Enigma Clim\u00e1tico<\/h2>\n<p>Rodrigo Bergamin, autor principal do artigo e pesquisador da Universidade de Birmingham, na Inglaterra, destaca que o estudo revelou movimentos distintos de diferentes esp\u00e9cies. Ele afirma que \u201cnas florestas mais baixas, as \u00e1rvores se movem para baixo com mais frequ\u00eancia do que para cima, provavelmente devido a fatores al\u00e9m da temperatura, como a competi\u00e7\u00e3o entre esp\u00e9cies.\u201d No entanto, nas partes mais elevadas do bioma, a maioria das \u00e1rvores est\u00e1 migrando enquanto a temperatura aumenta.<\/p>\n<h2 class=\"wp-block-heading\">Como as Mudan\u00e7as Clim\u00e1ticas Afetam a Flora da Mata Atl\u00e2ntica?<\/h2>\n<p>Os pesquisadores estudaram 627 esp\u00e9cies de \u00e1rvores em 96 locais diferentes da Mata Atl\u00e2ntica para calcular os escores de temperatura comunit\u00e1ria (CTS), um m\u00e9todo que ajuda a compreender os padr\u00f5es clim\u00e1ticos em toda a floresta. Este bioma se estende desde o Rio Grande do Norte, no Nordeste, at\u00e9 o Rio Grande do Sul, no outro extremo, e \u00e9 conhecido como um dos mais ricos do mundo em termos de biodiversidade.<\/p>\n<h2 class=\"wp-block-heading\">Quais as Implica\u00e7\u00f5es da Migra\u00e7\u00e3o das \u00c1rvores?<\/h2>\n<p>Os movimentos das \u00e1rvores t\u00eam implica\u00e7\u00f5es significativas para a biodiversidade da Mata Atl\u00e2ntica. As esp\u00e9cies que necessitam de temperaturas mais frias correm o risco de desaparecer \u00e0 medida que o mundo continua a aquecer. Esta migra\u00e7\u00e3o pode alterar a composi\u00e7\u00e3o da floresta, afetando n\u00e3o s\u00f3 as esp\u00e9cies de plantas, mas tamb\u00e9m os animais e outros organismos que dependem delas.<\/p>\n<p>Al\u00e9m disso, a migra\u00e7\u00e3o de \u00e1rvores pode causar um efeito domin\u00f3 em outras \u00e1reas do ecossistema. Por exemplo, mudan\u00e7as na floresta podem afetar o ciclo de nutrientes e a din\u00e2mica da \u00e1gua, potencialmente alterando a composi\u00e7\u00e3o do solo e a disponibilidade de \u00e1gua para outras plantas e animais.<\/p>\n<p>O estudo demonstra a complexidade das intera\u00e7\u00f5es ecol\u00f3gicas e a necessidade de uma abordagem abrangente para lidar com as mudan\u00e7as clim\u00e1ticas. <strong>Entender como as esp\u00e9cies respondem a essas mudan\u00e7as \u00e9 crucial para a conserva\u00e7\u00e3o e a gest\u00e3o sustent\u00e1vel da Mata Atl\u00e2ntica<\/strong>.<\/p>\n<p>Os pesquisadores concluem que h\u00e1 uma necessidade urgente de monitoramento cont\u00ednuo e estrat\u00e9gias adaptativas para proteger este bioma vital. As pol\u00edticas ambientais devem considerar esses movimentos e mudan\u00e7as para preservar a riqueza de esp\u00e9cies que a Mata Atl\u00e2ntica abriga.<\/p>\n<ul class=\"wp-block-list\">\n<li>Monitoramento cont\u00ednuo \u00e9 crucial<\/li>\n<li>Estrat\u00e9gias adaptativas s\u00e3o necess\u00e1rias<\/li>\n<li>Pol\u00edticas ambientais devem ser atualizadas<\/li>\n<\/ul>\n<p>Manter a sa\u00fade da Mata Atl\u00e2ntica \u00e9 essencial n\u00e3o apenas para a biodiversidade, mas tamb\u00e9m para as comunidades humanas que dependem dos recursos naturais e servi\u00e7os ecossist\u00eamicos proporcionados por esta floresta. O tempo est\u00e1 se esgotando, e as a\u00e7\u00f5es devem ser r\u00e1pidas e eficazes para reverter ou mitigar os impactos das mudan\u00e7as clim\u00e1ticas.<\/p>\n<\/p><\/div>\n<p><br \/>\n<br \/><a href=\"https:\/\/terrabrasilnoticias.com\/2024\/07\/arvores-da-mata-atlantica-andando-para-escapar-do-calor\/\">Source link <\/a><\/p>","protected":false},"excerpt":{"rendered":"<p>As \u00e1rvores da Mata Atl\u00e2ntica brasileira est\u00e3o migrando em busca de temperaturas mais favor\u00e1veis para escapar do aumento do calor causado pelas mudan\u00e7as clim\u00e1ticas. Este fen\u00f4meno foi revelado em um&hellip;<\/p>","protected":false},"author":1,"featured_media":9607,"comment_status":"closed","ping_status":"open","sticky":false,"template":"","format":"standard","meta":{"content-type":"","footnotes":""},"categories":[16],"tags":[2427,2428,2429,2430,1762],"class_list":["post-9606","post","type-post","status-publish","format-standard","has-post-thumbnail","hentry","category-noticias","tag-conservacao","tag-floresta","tag-mata-atlantica","tag-migracao-de-especies","tag-mudancas-climaticas"],"_links":{"self":[{"href":"https:\/\/tvbrazilusa.com\/pt\/wp-json\/wp\/v2\/posts\/9606","targetHints":{"allow":["GET"]}}],"collection":[{"href":"https:\/\/tvbrazilusa.com\/pt\/wp-json\/wp\/v2\/posts"}],"about":[{"href":"https:\/\/tvbrazilusa.com\/pt\/wp-json\/wp\/v2\/types\/post"}],"author":[{"embeddable":true,"href":"https:\/\/tvbrazilusa.com\/pt\/wp-json\/wp\/v2\/users\/1"}],"replies":[{"embeddable":true,"href":"https:\/\/tvbrazilusa.com\/pt\/wp-json\/wp\/v2\/comments?post=9606"}],"version-history":[{"count":1,"href":"https:\/\/tvbrazilusa.com\/pt\/wp-json\/wp\/v2\/posts\/9606\/revisions"}],"predecessor-version":[{"id":9608,"href":"https:\/\/tvbrazilusa.com\/pt\/wp-json\/wp\/v2\/posts\/9606\/revisions\/9608"}],"wp:featuredmedia":[{"embeddable":true,"href":"https:\/\/tvbrazilusa.com\/pt\/wp-json\/wp\/v2\/media\/9607"}],"wp:attachment":[{"href":"https:\/\/tvbrazilusa.com\/pt\/wp-json\/wp\/v2\/media?parent=9606"}],"wp:term":[{"taxonomy":"category","embeddable":true,"href":"https:\/\/tvbrazilusa.com\/pt\/wp-json\/wp\/v2\/categories?post=9606"},{"taxonomy":"post_tag","embeddable":true,"href":"https:\/\/tvbrazilusa.com\/pt\/wp-json\/wp\/v2\/tags?post=9606"}],"curies":[{"name":"wp","href":"https:\/\/api.w.org\/{rel}","templated":true}]}}