{"id":96116,"date":"2025-01-26T20:28:09","date_gmt":"2025-01-26T20:28:09","guid":{"rendered":"https:\/\/tvbrazilusa.com\/2025\/01\/26\/urgente-acao-contra-colombia-por-recusa-em-aceitar-deportados-petro-recua-e-manda-aviao-presidencial\/"},"modified":"2025-01-26T20:28:11","modified_gmt":"2025-01-26T20:28:11","slug":"urgente-acao-contra-colombia-por-recusa-em-aceitar-deportados-petro-recua-e-manda-aviao-presidencial","status":"publish","type":"post","link":"https:\/\/tvbrazilusa.com\/pt\/2025\/01\/26\/urgente-acao-contra-colombia-por-recusa-em-aceitar-deportados-petro-recua-e-manda-aviao-presidencial\/","title":{"rendered":"Urgente: A\u00e7\u00e3o Contra Col\u00f4mbia por Recusa em Aceitar Deportados; Petro Recua e Manda Avi\u00e3o Presidencial"},"content":{"rendered":"<p> <script async src=\"https:\/\/pagead2.googlesyndication.com\/pagead\/js\/adsbygoogle.js?client=ca-pub-8864793242727901\"\r\n     crossorigin=\"anonymous\"><\/script><br \/>\n<\/p>\n<div id=\"taboola-read-more\" style=\"display:block; width:100%\">\n<p>Em uma demonstra\u00e7\u00e3o de sua determina\u00e7\u00e3o em implementar sua pol\u00edtica de deporta\u00e7\u00e3o, o presidente Donald Trump mostrou que n\u00e3o medir\u00e1 esfor\u00e7os para fazer valer sua agenda migrat\u00f3ria. A recente atitude da Col\u00f4mbia, que inicialmente se recusou a receber um voo militar americano com imigrantes deportados, atraiu san\u00e7\u00f5es e restri\u00e7\u00f5es. No entanto, diante da forte press\u00e3o, o presidente Gustavo Petro parece ter diminu\u00eddo seu \u00edmpeto contra os EUA e decidiu enviar seu pr\u00f3prio avi\u00e3o presidencial para buscar os imigrantes que havia rejeitado.\n<\/p>\n<p>&#8211; Com uma pol\u00edtica de imigra\u00e7\u00e3o cada vez mais rigorosa, Trump tem investido em medidas como a constru\u00e7\u00e3o do muro na fronteira com o M\u00e9xico e a reformula\u00e7\u00e3o das leis de asilo.<\/p>\n<p>&#8211; A recusa inicial da Col\u00f4mbia em aceitar o avi\u00e3o americano com deportados levou a uma resposta imediata de Trump. O governo americano imp\u00f4s san\u00e7\u00f5es econ\u00f4micas, suspendeu vistos para cidad\u00e3os colombianos e aplicou tarifas sobre produtos colombianos.\n<\/p>\n<p>&#8211; &#8220;Pa\u00edses que n\u00e3o cooperarem com os Estados Unidos na gest\u00e3o da imigra\u00e7\u00e3o ilegal enfrentar\u00e3o consequ\u00eancias&#8221;, declarou Trump ao anunciar as medidas.<br \/>&#8211;<br \/>&#8211; Em um movimento que surpreendeu muitos, o presidente colombiano Gustavo Petro anunciou que enviaria o avi\u00e3o presidencial para buscar os imigrantes que previamente havia rejeitado. Esta decis\u00e3o foi comunicada via redes sociais e em uma confer\u00eancia de imprensa, onde Petro justificou a mudan\u00e7a de postura como uma necessidade humanit\u00e1ria, alegando que &#8220;a dignidade dos imigrantes colombianos \u00e9 mais importante do que quaisquer disputas pol\u00edticas&#8221;.\n<\/p>\n<p>&#8211; Esta a\u00e7\u00e3o \u00e9 vista por muitos como uma tentativa de Petro de suavizar as tens\u00f5es com os EUA, mitigando os efeitos das san\u00e7\u00f5es econ\u00f4micas que come\u00e7aram a impactar a economia colombiana.\n<\/p>\n<p>&#8211; Trump expandiu uma for\u00e7a-tarefa especial para deporta\u00e7\u00e3o, dando-lhe mais autoridade para realizar opera\u00e7\u00f5es em todo o pa\u00eds.\n<\/p>\n<p>&#8211; Propostas de aumento do or\u00e7amento para seguran\u00e7a fronteiri\u00e7a continuam a ser uma prioridade, visando fortalecer a vigil\u00e2ncia e a constru\u00e7\u00e3o do muro.\n<\/p>\n<p>&#8211; A decis\u00e3o de Petro tem gerado debates sobre soberania, direitos humanos e a influ\u00eancia americana na pol\u00edtica interna dos pa\u00edses latino-americanos. Enquanto alguns veem isso como uma capitula\u00e7\u00e3o \u00e0s press\u00f5es de Trump, outros o interpretam como uma estrat\u00e9gia diplom\u00e1tica para preservar interesses econ\u00f4micos.\n<\/p>\n<p>&#8211; Internacionalmente, esta situa\u00e7\u00e3o \u00e9 observada como um exemplo das consequ\u00eancias das pol\u00edticas de deporta\u00e7\u00e3o de Trump, que afetam n\u00e3o apenas os imigrantes mas tamb\u00e9m as rela\u00e7\u00f5es bilaterais.<\/p>\n<p>A resposta de Trump \u00e0 Col\u00f4mbia e a subsequente mudan\u00e7a de postura de Petro ilustram a complexidade das rela\u00e7\u00f5es internacionais sob a press\u00e3o de pol\u00edticas migrat\u00f3rias agressivas. Enquanto Trump demonstra que n\u00e3o medir\u00e1 esfor\u00e7os para impor suas pol\u00edticas, Petro mostra uma flexibilidade pragm\u00e1tica, colocando em primeiro plano o bem-estar dos imigrantes colombianos, mesmo que isso signifique ir contra uma posi\u00e7\u00e3o inicialmente firme.              <\/p>\n<\/div>\n<p><br \/>\n<br \/><a href=\"https:\/\/diariodobrasilnoticias.com.br\/noticia\/urgente-acao-contra-colombia-por-recusa-em-aceitar-deportados-petro-recua-e-manda-aviao-presidencial-6796971ca9ce5\">Source link <\/a><\/p>","protected":false},"excerpt":{"rendered":"<p>Em uma demonstra\u00e7\u00e3o de sua determina\u00e7\u00e3o em implementar sua pol\u00edtica de deporta\u00e7\u00e3o, o presidente Donald Trump mostrou que n\u00e3o medir\u00e1 esfor\u00e7os para fazer valer sua agenda migrat\u00f3ria. A recente atitude&hellip;<\/p>","protected":false},"author":1,"featured_media":96117,"comment_status":"closed","ping_status":"open","sticky":false,"template":"","format":"standard","meta":{"content-type":"","footnotes":""},"categories":[16],"tags":[123,2448,5313,1267],"class_list":["post-96116","post","type-post","status-publish","format-standard","has-post-thumbnail","hentry","category-noticias","tag-brasil","tag-diario","tag-noticia","tag-noticias"],"_links":{"self":[{"href":"https:\/\/tvbrazilusa.com\/pt\/wp-json\/wp\/v2\/posts\/96116","targetHints":{"allow":["GET"]}}],"collection":[{"href":"https:\/\/tvbrazilusa.com\/pt\/wp-json\/wp\/v2\/posts"}],"about":[{"href":"https:\/\/tvbrazilusa.com\/pt\/wp-json\/wp\/v2\/types\/post"}],"author":[{"embeddable":true,"href":"https:\/\/tvbrazilusa.com\/pt\/wp-json\/wp\/v2\/users\/1"}],"replies":[{"embeddable":true,"href":"https:\/\/tvbrazilusa.com\/pt\/wp-json\/wp\/v2\/comments?post=96116"}],"version-history":[{"count":1,"href":"https:\/\/tvbrazilusa.com\/pt\/wp-json\/wp\/v2\/posts\/96116\/revisions"}],"predecessor-version":[{"id":96118,"href":"https:\/\/tvbrazilusa.com\/pt\/wp-json\/wp\/v2\/posts\/96116\/revisions\/96118"}],"wp:featuredmedia":[{"embeddable":true,"href":"https:\/\/tvbrazilusa.com\/pt\/wp-json\/wp\/v2\/media\/96117"}],"wp:attachment":[{"href":"https:\/\/tvbrazilusa.com\/pt\/wp-json\/wp\/v2\/media?parent=96116"}],"wp:term":[{"taxonomy":"category","embeddable":true,"href":"https:\/\/tvbrazilusa.com\/pt\/wp-json\/wp\/v2\/categories?post=96116"},{"taxonomy":"post_tag","embeddable":true,"href":"https:\/\/tvbrazilusa.com\/pt\/wp-json\/wp\/v2\/tags?post=96116"}],"curies":[{"name":"wp","href":"https:\/\/api.w.org\/{rel}","templated":true}]}}