{"id":96122,"date":"2025-01-26T21:04:20","date_gmt":"2025-01-26T21:04:20","guid":{"rendered":"https:\/\/tvbrazilusa.com\/2025\/01\/26\/governo-lula-novo-ministro-da-secom-diz-que-usara-estetica-simples-sujinha-e-soltinha\/"},"modified":"2025-01-26T21:04:21","modified_gmt":"2025-01-26T21:04:21","slug":"governo-lula-novo-ministro-da-secom-diz-que-usara-estetica-simples-sujinha-e-soltinha","status":"publish","type":"post","link":"https:\/\/tvbrazilusa.com\/pt\/2025\/01\/26\/governo-lula-novo-ministro-da-secom-diz-que-usara-estetica-simples-sujinha-e-soltinha\/","title":{"rendered":"Governo Lula: novo ministro da Secom diz que usar\u00e1 est\u00e9tica \u2018simples\u2019, \u2018sujinha\u2019 e \u2018soltinha\u2019"},"content":{"rendered":"<p> <script async src=\"https:\/\/pagead2.googlesyndication.com\/pagead\/js\/adsbygoogle.js?client=ca-pub-8864793242727901\"\r\n     crossorigin=\"anonymous\"><\/script><br \/>\n<\/p>\n<div id=\"taboola-read-more\" style=\"display:block; width:100%\">\n<p>Rec\u00e9m empossado, o ministro da Secretaria de Comunica\u00e7\u00e3o Social (Secom), Sid\u00f4nio Palmeira, anunciou uma nova abordagem para a comunica\u00e7\u00e3o digital do presidente\u00a0<a title=\"Lula\" href=\"https:\/\/www.conexaopolitica.com.br\/tag\/lula\/\" data-internallinksmanager029f6b8e52c=\"1\">Luiz In\u00e1cio Lula da Silva<\/a>\u00a0(<a title=\"PT\" href=\"https:\/\/www.conexaopolitica.com.br\/tag\/pt\/\" data-internallinksmanager029f6b8e52c=\"11\">PT<\/a>).\n<\/p>\n<p>Durante uma plen\u00e1ria virtual com 3,2 mil participantes, entre deputados e militantes do PT, Sid\u00f4nio destacou que as redes sociais do presidente passar\u00e3o a adotar uma est\u00e9tica mais \u201csimples\u201d, \u201csoltinha\u201d e \u201csujinha\u201d, visando maior engajamento e identifica\u00e7\u00e3o com o p\u00fablico. Segundo ele, o presidente tem facilidade para se comunicar e quer usar isso para divulgar as a\u00e7\u00f5es do governo.<\/p>\n<p>Sid\u00f4nio criticou o uso de conte\u00fados padronizados nas redes sociais, defendendo que cada militante converse com seus seguidores de forma aut\u00eantica e espont\u00e2nea. Ele disse que a \u201cbeleza est\u00e1 na diferen\u00e7a\u201d e que a comunica\u00e7\u00e3o deve refletir a naturalidade e simplicidade das pessoas, sobretudo aquelas do interior.\n<\/p>\n<p>O publicit\u00e1rio afirmou que redes sociais valorizam conte\u00fados menos formais e que a milit\u00e2ncia deve explorar essa linguagem para ampliar o alcance das mensagens do governo.\n<\/p>\n<p>Al\u00e9m disso, o ministro analisou o sucesso da direita nas redes sociais, afirmando que esse desempenho est\u00e1 ligado \u00e0 mistura de informa\u00e7\u00e3o, emo\u00e7\u00e3o e brincadeira, elementos que a esquerda precisa incorporar. Para Sid\u00f4nio, a milit\u00e2ncia tem o poder de disputar o espa\u00e7o digital de forma efetiva, utilizando meios e entona\u00e7\u00f5es que gerem identifica\u00e7\u00e3o e impacto.\n<\/p>\n<p>Com informa\u00e7\u00f5es conex\u00e3o po\u00edtiica              <\/p>\n<\/div>\n<p><br \/>\n<br \/><a href=\"https:\/\/diariodobrasilnoticias.com.br\/noticia\/governo-lula-novo-ministro-da-secom-diz-que-usara-estetica-simples-sujinha-e-soltinha-6796a1290a2e3\">Source link <\/a><\/p>","protected":false},"excerpt":{"rendered":"<p>Rec\u00e9m empossado, o ministro da Secretaria de Comunica\u00e7\u00e3o Social (Secom), Sid\u00f4nio Palmeira, anunciou uma nova abordagem para a comunica\u00e7\u00e3o digital do presidente\u00a0Luiz In\u00e1cio Lula da Silva\u00a0(PT). Durante uma plen\u00e1ria virtual&hellip;<\/p>","protected":false},"author":1,"featured_media":96123,"comment_status":"closed","ping_status":"open","sticky":false,"template":"","format":"standard","meta":{"content-type":"","footnotes":""},"categories":[16],"tags":[123,2448,5313,1267],"class_list":["post-96122","post","type-post","status-publish","format-standard","has-post-thumbnail","hentry","category-noticias","tag-brasil","tag-diario","tag-noticia","tag-noticias"],"_links":{"self":[{"href":"https:\/\/tvbrazilusa.com\/pt\/wp-json\/wp\/v2\/posts\/96122","targetHints":{"allow":["GET"]}}],"collection":[{"href":"https:\/\/tvbrazilusa.com\/pt\/wp-json\/wp\/v2\/posts"}],"about":[{"href":"https:\/\/tvbrazilusa.com\/pt\/wp-json\/wp\/v2\/types\/post"}],"author":[{"embeddable":true,"href":"https:\/\/tvbrazilusa.com\/pt\/wp-json\/wp\/v2\/users\/1"}],"replies":[{"embeddable":true,"href":"https:\/\/tvbrazilusa.com\/pt\/wp-json\/wp\/v2\/comments?post=96122"}],"version-history":[{"count":1,"href":"https:\/\/tvbrazilusa.com\/pt\/wp-json\/wp\/v2\/posts\/96122\/revisions"}],"predecessor-version":[{"id":96124,"href":"https:\/\/tvbrazilusa.com\/pt\/wp-json\/wp\/v2\/posts\/96122\/revisions\/96124"}],"wp:featuredmedia":[{"embeddable":true,"href":"https:\/\/tvbrazilusa.com\/pt\/wp-json\/wp\/v2\/media\/96123"}],"wp:attachment":[{"href":"https:\/\/tvbrazilusa.com\/pt\/wp-json\/wp\/v2\/media?parent=96122"}],"wp:term":[{"taxonomy":"category","embeddable":true,"href":"https:\/\/tvbrazilusa.com\/pt\/wp-json\/wp\/v2\/categories?post=96122"},{"taxonomy":"post_tag","embeddable":true,"href":"https:\/\/tvbrazilusa.com\/pt\/wp-json\/wp\/v2\/tags?post=96122"}],"curies":[{"name":"wp","href":"https:\/\/api.w.org\/{rel}","templated":true}]}}