{"id":96125,"date":"2025-01-26T21:10:28","date_gmt":"2025-01-26T21:10:28","guid":{"rendered":"https:\/\/tvbrazilusa.com\/2025\/01\/26\/cia-revisa-hipotese-sobre-origens-da-covid-19\/"},"modified":"2025-01-26T21:10:31","modified_gmt":"2025-01-26T21:10:31","slug":"cia-revisa-hipotese-sobre-origens-da-covid-19","status":"publish","type":"post","link":"https:\/\/tvbrazilusa.com\/pt\/2025\/01\/26\/cia-revisa-hipotese-sobre-origens-da-covid-19\/","title":{"rendered":"CIA revisa hip\u00f3tese sobre origens da covid-19"},"content":{"rendered":"<p> <script async src=\"https:\/\/pagead2.googlesyndication.com\/pagead\/js\/adsbygoogle.js?client=ca-pub-8864793242727901\"\r\n     crossorigin=\"anonymous\"><\/script><br \/>\n<\/p>\n<div id=\"hd80s9wa1h892edh8192\">\n<p>Essa nova avalia\u00e7\u00e3o n\u00e3o se baseia em informa\u00e7\u00f5es in\u00e9ditas, mas em uma an\u00e1lise mais detalhada das condi\u00e7\u00f5es nos laborat\u00f3rios de alta seguran\u00e7a em Wuhan antes do surto.\n<\/p>\n<p>A ag\u00eancia classificou a an\u00e1lise com \u201cbaixa confian\u00e7a\u201d, indicando que os dados dispon\u00edveis ainda s\u00e3o fragment\u00e1rios e incompletos.\n<\/p>\n<h2 class=\"wp-block-heading\">Diretor da CIA acredita na hip\u00f3tese de que covid-19 surgiu em laborat\u00f3rio<\/h2>\n<figure class=\"wp-block-image aligncenter size-full is-resized\"><picture><source type=\"image\/webp\"\/><\/picture><figcaption class=\"wp-element-caption c007\">Hip\u00f3teses sobre o surgimento da covid-19 variam entre os governos Biden e Trump | Foto de\u00a0<a href=\"https:\/\/unsplash.com\/pt-br\/@usmanyousaf?utm_content=creditCopyText&#038;utm_medium=referral&#038;utm_source=unsplash\">Usman Yousaf<\/a>\u00a0na\u00a0<a href=\"https:\/\/unsplash.com\/pt-br\/fotografias\/homem-na-camisa-preta-do-pescoco-da-tripulacao-vestindo-oculos-pretos-emoldurados-tKIeV6v_WM8?utm_content=creditCopyText&#038;utm_medium=referral&#038;utm_source=unsplash\">Unsplash<\/a>\/Reprodu\u00e7\u00e3o<\/figcaption><\/figure>\n<p>A mudan\u00e7a de posi\u00e7\u00e3o ocorreu depois de John Ratcliffe, novo diretor da CIA, afirmar que n\u00e3o queria que a ag\u00eancia ficasse \u201c\u00e0 margem\u201d do debate sobre as origens da pandemia.\n<\/p>\n<p>Ratcliffe, que sempre apoiou a teoria do vazamento em laborat\u00f3rio, considera a compreens\u00e3o das origens do v\u00edrus crucial para as rela\u00e7\u00f5es entre os EUA e a China. Ele acredita que o Instituto de Virologia de Wuhan seja a prov\u00e1vel fonte do coronav\u00edrus.\n<\/p>\n<p>Mesmo com a nova posi\u00e7\u00e3o, a teoria de que a pandemia surgiu de um mercado em Wuhan ainda \u00e9 considerada plaus\u00edvel pela ag\u00eancia. Autoridades afirmam que a nova avalia\u00e7\u00e3o n\u00e3o foi ajustada devido ao novo chefe, mas estava sendo desenvolvida h\u00e1 algum tempo.\n<\/p>\n<p>Durante as \u00faltimas semanas da administra\u00e7\u00e3o Biden, Jake Sullivan, ent\u00e3o conselheiro de seguran\u00e7a nacional, ordenou uma nova revis\u00e3o classificada sobre a origem da pandemia. A intelig\u00eancia americana defende que nenhuma informa\u00e7\u00e3o foi suprimida e que a pol\u00edtica n\u00e3o influenciou a an\u00e1lise.\n<\/p>\n<p>Cinco ag\u00eancias, incluindo o Conselho Nacional de Intelig\u00eancia, acreditam que a exposi\u00e7\u00e3o natural provavelmente causou a pandemia, mas t\u00eam baixa confian\u00e7a nessa avalia\u00e7\u00e3o.\n<\/p>\n<p>Ao mesmo tempo, duas ag\u00eancias, o FBI e o Departamento de Energia, acreditam que um vazamento de laborat\u00f3rio \u00e9 mais prov\u00e1vel, embora suas teorias variem entre o Instituto de Virologia de Wuhan e o Centro para Controle de Doen\u00e7as de Wuhan.\n<\/p>\n<h2 class=\"wp-block-heading\">Nova gest\u00e3o da ag\u00eancia pretende buscar respostas no territ\u00f3rio chin\u00eas<\/h2>\n<p>O senador Tom Cotton, presidente do comit\u00ea de Intelig\u00eancia do Senado, sempre defendeu a hip\u00f3tese de que a pandemia teve origem em um laborat\u00f3rio de Wuhan e elogiou a mudan\u00e7a de julgamento da CIA. Ratcliffe destacou que a an\u00e1lise das origens da Covid \u00e9 uma prioridade \u201cdesde o primeiro dia\u201d.\n<\/p>\n<p>Para refor\u00e7ar a teoria das origens naturais, oficiais de intelig\u00eancia esperam encontrar o animal que transmitiu o v\u00edrus a um humano ou um morcego carregando o prov\u00e1vel ancestral do coronav\u00edrus.\n<\/p>\n<p>Para confirmar o vazamento do laborat\u00f3rio, a comunidade de intelig\u00eancia busca evid\u00eancias de que um dos laborat\u00f3rios em Wuhan estava manipulando um v\u00edrus que levou \u00e0 epidemia.\n<\/p>\n<p>At\u00e9 o momento, nenhuma dessas evid\u00eancias foi descoberta. A obten\u00e7\u00e3o de provas definitivas \u00e9 complexa, considerando que autoridades chinesas podem n\u00e3o colaborar. A CIA, sob Ratcliffe, prometeu adotar uma abordagem mais en\u00e9rgica, buscando informa\u00e7\u00f5es dentro dos laborat\u00f3rios de Wuhan ou no governo chin\u00eas.\n<\/p>\n<p><strong>REVISTA OESTE<\/strong>\n<\/p>\n<\/div>\n<p><br \/>\n<br \/><a href=\"https:\/\/diariodobrasilnoticias.com.br\/noticia\/cia-revisa-hipotese-sobre-origens-da-covid-19-6796a32b35961\">Source link <\/a><\/p>","protected":false},"excerpt":{"rendered":"<p>Essa nova avalia\u00e7\u00e3o n\u00e3o se baseia em informa\u00e7\u00f5es in\u00e9ditas, mas em uma an\u00e1lise mais detalhada das condi\u00e7\u00f5es nos laborat\u00f3rios de alta seguran\u00e7a em Wuhan antes do surto. A ag\u00eancia classificou&hellip;<\/p>","protected":false},"author":1,"featured_media":96126,"comment_status":"closed","ping_status":"open","sticky":false,"template":"","format":"standard","meta":{"content-type":"","footnotes":""},"categories":[16],"tags":[123,2448,5313,1267],"class_list":["post-96125","post","type-post","status-publish","format-standard","has-post-thumbnail","hentry","category-noticias","tag-brasil","tag-diario","tag-noticia","tag-noticias"],"_links":{"self":[{"href":"https:\/\/tvbrazilusa.com\/pt\/wp-json\/wp\/v2\/posts\/96125","targetHints":{"allow":["GET"]}}],"collection":[{"href":"https:\/\/tvbrazilusa.com\/pt\/wp-json\/wp\/v2\/posts"}],"about":[{"href":"https:\/\/tvbrazilusa.com\/pt\/wp-json\/wp\/v2\/types\/post"}],"author":[{"embeddable":true,"href":"https:\/\/tvbrazilusa.com\/pt\/wp-json\/wp\/v2\/users\/1"}],"replies":[{"embeddable":true,"href":"https:\/\/tvbrazilusa.com\/pt\/wp-json\/wp\/v2\/comments?post=96125"}],"version-history":[{"count":1,"href":"https:\/\/tvbrazilusa.com\/pt\/wp-json\/wp\/v2\/posts\/96125\/revisions"}],"predecessor-version":[{"id":96127,"href":"https:\/\/tvbrazilusa.com\/pt\/wp-json\/wp\/v2\/posts\/96125\/revisions\/96127"}],"wp:featuredmedia":[{"embeddable":true,"href":"https:\/\/tvbrazilusa.com\/pt\/wp-json\/wp\/v2\/media\/96126"}],"wp:attachment":[{"href":"https:\/\/tvbrazilusa.com\/pt\/wp-json\/wp\/v2\/media?parent=96125"}],"wp:term":[{"taxonomy":"category","embeddable":true,"href":"https:\/\/tvbrazilusa.com\/pt\/wp-json\/wp\/v2\/categories?post=96125"},{"taxonomy":"post_tag","embeddable":true,"href":"https:\/\/tvbrazilusa.com\/pt\/wp-json\/wp\/v2\/tags?post=96125"}],"curies":[{"name":"wp","href":"https:\/\/api.w.org\/{rel}","templated":true}]}}